{"id":1020,"date":"2019-04-07T00:27:28","date_gmt":"2019-04-07T00:27:28","guid":{"rendered":"https:\/\/www.camadeira.com\/web\/?p=1020"},"modified":"2019-06-07T00:32:09","modified_gmt":"2019-06-07T00:32:09","slug":"ribeira-da-agua-do-queijo-nova-exploracao-por-praticantes-do-clube-aventura-da-madeira","status":"publish","type":"post","link":"https:\/\/www.camadeira.com\/web\/ribeira-da-agua-do-queijo-nova-exploracao-por-praticantes-do-clube-aventura-da-madeira\/","title":{"rendered":"Ribeira da \u00c1gua do Queijo \u2013 Nova explora\u00e7\u00e3o por praticantes do Clube Aventura da Madeira"},"content":{"rendered":"<div class=\"entry-content\">\n<p>Os praticantes do Clube Aventura da Madeira Filipe Ferreira, Jo\u00e3o G\u00f3is, Lu\u00eds Freitas e Tiago Freitas a que se juntou Elton Gouveia exploraram o ribeiro da \u00c1gua do Queijo, no concelho de Porto Moniz, juntando mais um itiner\u00e1rio de baixa dificuldade \u00e0 extensa lista de Canyons da Madeira.<\/p>\n<p><img loading=\"lazy\" decoding=\"async\" class=\"alignright size-full wp-image-4620\" src=\"https:\/\/canyoning.camadeira.com\/wp-content\/uploads\/2019\/04\/20190406_104105_HDR.jpg\" sizes=\"auto, (max-width: 926px) 100vw, 926px\" srcset=\"https:\/\/canyoning.camadeira.com\/wp-content\/uploads\/2019\/04\/20190406_104105_HDR.jpg 926w, https:\/\/canyoning.camadeira.com\/wp-content\/uploads\/2019\/04\/20190406_104105_HDR-315x236.jpg 315w, https:\/\/canyoning.camadeira.com\/wp-content\/uploads\/2019\/04\/20190406_104105_HDR-768x576.jpg 768w\" alt=\"\" width=\"926\" height=\"694\">A iniciativa realizou-se no passado dia 6 de abril, revelando imagens \u00fanicas da beleza natural que envolve este novo itiner\u00e1rio, que junta-se a dezenas de outros que este grupo de praticantes e outros colaboradores percorrem por lazer e registam as condi\u00e7\u00f5es partilhando numa plataforma on-line para todos os interessados, divulgando igualmente o potencial do Canyoning na Ilha da Madeira.<\/p>\n<p><a href=\"https:\/\/canyoning.camadeira.com\/canyons-da-madeira\/\">Plataforma dos Canyons da Madeira<\/a><\/p>\n<p>Informa\u00e7\u00e3o dispon\u00edvel do&nbsp;<a href=\"https:\/\/canyoning.camadeira.com\/canyons\/ribeiro-da-agua-do-queijo-superior\/?fbclid=IwAR2T_lPyHlljH871QoWtLUawohXeei-zWiGt_Z2sCaXxSDxzpu7stYAws50\">Ribeiro da \u00c1gua do Queijo<\/a><\/p>\n<p><img loading=\"lazy\" decoding=\"async\" class=\"alignright size-full wp-image-4633\" src=\"https:\/\/canyoning.camadeira.com\/wp-content\/uploads\/2019\/04\/56372177_1281489128677894_5505505503414845440_n.jpg\" sizes=\"auto, (max-width: 960px) 100vw, 960px\" srcset=\"https:\/\/canyoning.camadeira.com\/wp-content\/uploads\/2019\/04\/56372177_1281489128677894_5505505503414845440_n.jpg 960w, https:\/\/canyoning.camadeira.com\/wp-content\/uploads\/2019\/04\/56372177_1281489128677894_5505505503414845440_n-315x210.jpg 315w, https:\/\/canyoning.camadeira.com\/wp-content\/uploads\/2019\/04\/56372177_1281489128677894_5505505503414845440_n-768x511.jpg 768w\" alt=\"\" width=\"960\" height=\"639\"><\/p>\n<\/div>\n<div id=\"sharing_box\" class=\"clearfix\" data-href=\"\" data-title=\"\">\n<ul class=\"social-buttons clearfix\">\n<li class=\"print_post icons\"><\/li>\n<\/ul>\n<\/div>\n","protected":false},"excerpt":{"rendered":"<p>Os praticantes do Clube Aventura da Madeira Filipe Ferreira, Jo\u00e3o G\u00f3is, Lu\u00eds Freitas e Tiago Freitas a que se juntou Elton Gouveia exploraram o ribeiro da \u00c1gua do Queijo, no [&hellip;]<\/p>\n","protected":false},"author":1,"featured_media":1022,"comment_status":"closed","ping_status":"closed","sticky":false,"template":"","format":"standard","meta":{"footnotes":""},"categories":[45],"tags":[87,84,86],"class_list":["post-1020","post","type-post","status-publish","format-standard","has-post-thumbnail","category-canyoning","tag-camadeira","tag-canyoning","tag-madeira"],"yoast_head":"<!-- This site is optimized with the Yoast SEO plugin v26.7 - https:\/\/yoast.com\/wordpress\/plugins\/seo\/ -->\n<title>Ribeira da \u00c1gua do Queijo \u2013 Nova explora\u00e7\u00e3o por praticantes do Clube Aventura da Madeira - Clube Aventura da Madeira<\/title>\n<meta name=\"robots\" content=\"index, follow, max-snippet:-1, max-image-preview:large, max-video-preview:-1\" \/>\n<link rel=\"canonical\" href=\"https:\/\/www.camadeira.com\/web\/ribeira-da-agua-do-queijo-nova-exploracao-por-praticantes-do-clube-aventura-da-madeira\/\" \/>\n<meta property=\"og:locale\" content=\"pt_PT\" \/>\n<meta property=\"og:type\" content=\"article\" \/>\n<meta property=\"og:title\" content=\"Ribeira da \u00c1gua do Queijo \u2013 Nova explora\u00e7\u00e3o por praticantes do Clube Aventura da Madeira - Clube Aventura da Madeira\" \/>\n<meta property=\"og:description\" content=\"Os praticantes do Clube Aventura da Madeira Filipe Ferreira, Jo\u00e3o G\u00f3is, Lu\u00eds Freitas e Tiago Freitas a que se juntou Elton Gouveia exploraram o ribeiro da \u00c1gua do Queijo, no [&hellip;]\" \/>\n<meta property=\"og:url\" content=\"https:\/\/www.camadeira.com\/web\/ribeira-da-agua-do-queijo-nova-exploracao-por-praticantes-do-clube-aventura-da-madeira\/\" \/>\n<meta property=\"og:site_name\" content=\"Clube Aventura da Madeira\" \/>\n<meta property=\"article:publisher\" content=\"https:\/\/www.facebook.com\/CAMadeira\" \/>\n<meta property=\"article:published_time\" content=\"2019-04-07T00:27:28+00:00\" \/>\n<meta property=\"article:modified_time\" content=\"2019-06-07T00:32:09+00:00\" \/>\n<meta property=\"og:image\" content=\"https:\/\/www.camadeira.com\/web\/wp-content\/uploads\/2019\/04\/20190406_104105_HDR.jpg\" \/>\n\t<meta property=\"og:image:width\" content=\"926\" \/>\n\t<meta property=\"og:image:height\" content=\"694\" \/>\n\t<meta property=\"og:image:type\" content=\"image\/jpeg\" \/>\n<meta name=\"author\" content=\"admin\" \/>\n<meta name=\"twitter:card\" content=\"summary_large_image\" \/>\n<meta name=\"twitter:label1\" content=\"Escrito por\" \/>\n\t<meta name=\"twitter:data1\" content=\"admin\" \/>\n\t<meta name=\"twitter:label2\" content=\"Tempo estimado de leitura\" \/>\n\t<meta name=\"twitter:data2\" content=\"1 minuto\" \/>\n<script type=\"application\/ld+json\" class=\"yoast-schema-graph\">{\"@context\":\"https:\/\/schema.org\",\"@graph\":[{\"@type\":\"Article\",\"@id\":\"https:\/\/www.camadeira.com\/web\/ribeira-da-agua-do-queijo-nova-exploracao-por-praticantes-do-clube-aventura-da-madeira\/#article\",\"isPartOf\":{\"@id\":\"https:\/\/www.camadeira.com\/web\/ribeira-da-agua-do-queijo-nova-exploracao-por-praticantes-do-clube-aventura-da-madeira\/\"},\"author\":{\"name\":\"admin\",\"@id\":\"https:\/\/www.camadeira.com\/web\/#\/schema\/person\/8903a677f0fa358bc7c1bce3ea676ac8\"},\"headline\":\"Ribeira da \u00c1gua do Queijo \u2013 Nova explora\u00e7\u00e3o por praticantes do Clube Aventura da Madeira\",\"datePublished\":\"2019-04-07T00:27:28+00:00\",\"dateModified\":\"2019-06-07T00:32:09+00:00\",\"mainEntityOfPage\":{\"@id\":\"https:\/\/www.camadeira.com\/web\/ribeira-da-agua-do-queijo-nova-exploracao-por-praticantes-do-clube-aventura-da-madeira\/\"},\"wordCount\":142,\"publisher\":{\"@id\":\"https:\/\/www.camadeira.com\/web\/#organization\"},\"image\":{\"@id\":\"https:\/\/www.camadeira.com\/web\/ribeira-da-agua-do-queijo-nova-exploracao-por-praticantes-do-clube-aventura-da-madeira\/#primaryimage\"},\"thumbnailUrl\":\"https:\/\/www.camadeira.com\/web\/wp-content\/uploads\/2019\/04\/20190406_104105_HDR.jpg\",\"keywords\":[\"CAMadeira.\",\"canyoning\",\"Madeira\"],\"articleSection\":[\"Canyoning\"],\"inLanguage\":\"pt-PT\"},{\"@type\":\"WebPage\",\"@id\":\"https:\/\/www.camadeira.com\/web\/ribeira-da-agua-do-queijo-nova-exploracao-por-praticantes-do-clube-aventura-da-madeira\/\",\"url\":\"https:\/\/www.camadeira.com\/web\/ribeira-da-agua-do-queijo-nova-exploracao-por-praticantes-do-clube-aventura-da-madeira\/\",\"name\":\"Ribeira da \u00c1gua do Queijo \u2013 Nova explora\u00e7\u00e3o por praticantes do Clube Aventura da Madeira - Clube Aventura da Madeira\",\"isPartOf\":{\"@id\":\"https:\/\/www.camadeira.com\/web\/#website\"},\"primaryImageOfPage\":{\"@id\":\"https:\/\/www.camadeira.com\/web\/ribeira-da-agua-do-queijo-nova-exploracao-por-praticantes-do-clube-aventura-da-madeira\/#primaryimage\"},\"image\":{\"@id\":\"https:\/\/www.camadeira.com\/web\/ribeira-da-agua-do-queijo-nova-exploracao-por-praticantes-do-clube-aventura-da-madeira\/#primaryimage\"},\"thumbnailUrl\":\"https:\/\/www.camadeira.com\/web\/wp-content\/uploads\/2019\/04\/20190406_104105_HDR.jpg\",\"datePublished\":\"2019-04-07T00:27:28+00:00\",\"dateModified\":\"2019-06-07T00:32:09+00:00\",\"breadcrumb\":{\"@id\":\"https:\/\/www.camadeira.com\/web\/ribeira-da-agua-do-queijo-nova-exploracao-por-praticantes-do-clube-aventura-da-madeira\/#breadcrumb\"},\"inLanguage\":\"pt-PT\",\"potentialAction\":[{\"@type\":\"ReadAction\",\"target\":[\"https:\/\/www.camadeira.com\/web\/ribeira-da-agua-do-queijo-nova-exploracao-por-praticantes-do-clube-aventura-da-madeira\/\"]}]},{\"@type\":\"ImageObject\",\"inLanguage\":\"pt-PT\",\"@id\":\"https:\/\/www.camadeira.com\/web\/ribeira-da-agua-do-queijo-nova-exploracao-por-praticantes-do-clube-aventura-da-madeira\/#primaryimage\",\"url\":\"https:\/\/www.camadeira.com\/web\/wp-content\/uploads\/2019\/04\/20190406_104105_HDR.jpg\",\"contentUrl\":\"https:\/\/www.camadeira.com\/web\/wp-content\/uploads\/2019\/04\/20190406_104105_HDR.jpg\",\"width\":926,\"height\":694},{\"@type\":\"BreadcrumbList\",\"@id\":\"https:\/\/www.camadeira.com\/web\/ribeira-da-agua-do-queijo-nova-exploracao-por-praticantes-do-clube-aventura-da-madeira\/#breadcrumb\",\"itemListElement\":[{\"@type\":\"ListItem\",\"position\":1,\"name\":\"In\u00edcio\",\"item\":\"https:\/\/www.camadeira.com\/web\/\"},{\"@type\":\"ListItem\",\"position\":2,\"name\":\"Ribeira da \u00c1gua do Queijo \u2013 Nova explora\u00e7\u00e3o por praticantes do Clube Aventura da Madeira\"}]},{\"@type\":\"WebSite\",\"@id\":\"https:\/\/www.camadeira.com\/web\/#website\",\"url\":\"https:\/\/www.camadeira.com\/web\/\",\"name\":\"Clube Aventura da Madeira\",\"description\":\"Clube Aventura da Madeira\",\"publisher\":{\"@id\":\"https:\/\/www.camadeira.com\/web\/#organization\"},\"potentialAction\":[{\"@type\":\"SearchAction\",\"target\":{\"@type\":\"EntryPoint\",\"urlTemplate\":\"https:\/\/www.camadeira.com\/web\/?s={search_term_string}\"},\"query-input\":{\"@type\":\"PropertyValueSpecification\",\"valueRequired\":true,\"valueName\":\"search_term_string\"}}],\"inLanguage\":\"pt-PT\"},{\"@type\":\"Organization\",\"@id\":\"https:\/\/www.camadeira.com\/web\/#organization\",\"name\":\"Clube Aventura da Madeira\",\"url\":\"https:\/\/www.camadeira.com\/web\/\",\"logo\":{\"@type\":\"ImageObject\",\"inLanguage\":\"pt-PT\",\"@id\":\"https:\/\/www.camadeira.com\/web\/#\/schema\/logo\/image\/\",\"url\":\"https:\/\/www.camadeira.com\/web\/wp-content\/uploads\/2017\/08\/logoCAMadeiraSite.png\",\"contentUrl\":\"https:\/\/www.camadeira.com\/web\/wp-content\/uploads\/2017\/08\/logoCAMadeiraSite.png\",\"width\":340,\"height\":156,\"caption\":\"Clube Aventura da Madeira\"},\"image\":{\"@id\":\"https:\/\/www.camadeira.com\/web\/#\/schema\/logo\/image\/\"},\"sameAs\":[\"https:\/\/www.facebook.com\/CAMadeira\"]},{\"@type\":\"Person\",\"@id\":\"https:\/\/www.camadeira.com\/web\/#\/schema\/person\/8903a677f0fa358bc7c1bce3ea676ac8\",\"name\":\"admin\",\"image\":{\"@type\":\"ImageObject\",\"inLanguage\":\"pt-PT\",\"@id\":\"https:\/\/www.camadeira.com\/web\/#\/schema\/person\/image\/\",\"url\":\"https:\/\/secure.gravatar.com\/avatar\/ade04a5bc31d350da38e6a2ded5f4d0dda4e44d1e847bc64b0de9708a879bbe6?s=96&d=mm&r=g\",\"contentUrl\":\"https:\/\/secure.gravatar.com\/avatar\/ade04a5bc31d350da38e6a2ded5f4d0dda4e44d1e847bc64b0de9708a879bbe6?s=96&d=mm&r=g\",\"caption\":\"admin\"},\"url\":\"https:\/\/www.camadeira.com\/web\/author\/admin\/\"}]}<\/script>\n<!-- \/ Yoast SEO plugin. -->","yoast_head_json":{"title":"Ribeira da \u00c1gua do Queijo \u2013 Nova explora\u00e7\u00e3o por praticantes do Clube Aventura da Madeira - Clube Aventura da Madeira","robots":{"index":"index","follow":"follow","max-snippet":"max-snippet:-1","max-image-preview":"max-image-preview:large","max-video-preview":"max-video-preview:-1"},"canonical":"https:\/\/www.camadeira.com\/web\/ribeira-da-agua-do-queijo-nova-exploracao-por-praticantes-do-clube-aventura-da-madeira\/","og_locale":"pt_PT","og_type":"article","og_title":"Ribeira da \u00c1gua do Queijo \u2013 Nova explora\u00e7\u00e3o por praticantes do Clube Aventura da Madeira - Clube Aventura da Madeira","og_description":"Os praticantes do Clube Aventura da Madeira Filipe Ferreira, Jo\u00e3o G\u00f3is, Lu\u00eds Freitas e Tiago Freitas a que se juntou Elton Gouveia exploraram o ribeiro da \u00c1gua do Queijo, no [&hellip;]","og_url":"https:\/\/www.camadeira.com\/web\/ribeira-da-agua-do-queijo-nova-exploracao-por-praticantes-do-clube-aventura-da-madeira\/","og_site_name":"Clube Aventura da Madeira","article_publisher":"https:\/\/www.facebook.com\/CAMadeira","article_published_time":"2019-04-07T00:27:28+00:00","article_modified_time":"2019-06-07T00:32:09+00:00","og_image":[{"width":926,"height":694,"url":"https:\/\/www.camadeira.com\/web\/wp-content\/uploads\/2019\/04\/20190406_104105_HDR.jpg","type":"image\/jpeg"}],"author":"admin","twitter_card":"summary_large_image","twitter_misc":{"Escrito por":"admin","Tempo estimado de leitura":"1 minuto"},"schema":{"@context":"https:\/\/schema.org","@graph":[{"@type":"Article","@id":"https:\/\/www.camadeira.com\/web\/ribeira-da-agua-do-queijo-nova-exploracao-por-praticantes-do-clube-aventura-da-madeira\/#article","isPartOf":{"@id":"https:\/\/www.camadeira.com\/web\/ribeira-da-agua-do-queijo-nova-exploracao-por-praticantes-do-clube-aventura-da-madeira\/"},"author":{"name":"admin","@id":"https:\/\/www.camadeira.com\/web\/#\/schema\/person\/8903a677f0fa358bc7c1bce3ea676ac8"},"headline":"Ribeira da \u00c1gua do Queijo \u2013 Nova explora\u00e7\u00e3o por praticantes do Clube Aventura da Madeira","datePublished":"2019-04-07T00:27:28+00:00","dateModified":"2019-06-07T00:32:09+00:00","mainEntityOfPage":{"@id":"https:\/\/www.camadeira.com\/web\/ribeira-da-agua-do-queijo-nova-exploracao-por-praticantes-do-clube-aventura-da-madeira\/"},"wordCount":142,"publisher":{"@id":"https:\/\/www.camadeira.com\/web\/#organization"},"image":{"@id":"https:\/\/www.camadeira.com\/web\/ribeira-da-agua-do-queijo-nova-exploracao-por-praticantes-do-clube-aventura-da-madeira\/#primaryimage"},"thumbnailUrl":"https:\/\/www.camadeira.com\/web\/wp-content\/uploads\/2019\/04\/20190406_104105_HDR.jpg","keywords":["CAMadeira.","canyoning","Madeira"],"articleSection":["Canyoning"],"inLanguage":"pt-PT"},{"@type":"WebPage","@id":"https:\/\/www.camadeira.com\/web\/ribeira-da-agua-do-queijo-nova-exploracao-por-praticantes-do-clube-aventura-da-madeira\/","url":"https:\/\/www.camadeira.com\/web\/ribeira-da-agua-do-queijo-nova-exploracao-por-praticantes-do-clube-aventura-da-madeira\/","name":"Ribeira da \u00c1gua do Queijo \u2013 Nova explora\u00e7\u00e3o por praticantes do Clube Aventura da Madeira - Clube Aventura da Madeira","isPartOf":{"@id":"https:\/\/www.camadeira.com\/web\/#website"},"primaryImageOfPage":{"@id":"https:\/\/www.camadeira.com\/web\/ribeira-da-agua-do-queijo-nova-exploracao-por-praticantes-do-clube-aventura-da-madeira\/#primaryimage"},"image":{"@id":"https:\/\/www.camadeira.com\/web\/ribeira-da-agua-do-queijo-nova-exploracao-por-praticantes-do-clube-aventura-da-madeira\/#primaryimage"},"thumbnailUrl":"https:\/\/www.camadeira.com\/web\/wp-content\/uploads\/2019\/04\/20190406_104105_HDR.jpg","datePublished":"2019-04-07T00:27:28+00:00","dateModified":"2019-06-07T00:32:09+00:00","breadcrumb":{"@id":"https:\/\/www.camadeira.com\/web\/ribeira-da-agua-do-queijo-nova-exploracao-por-praticantes-do-clube-aventura-da-madeira\/#breadcrumb"},"inLanguage":"pt-PT","potentialAction":[{"@type":"ReadAction","target":["https:\/\/www.camadeira.com\/web\/ribeira-da-agua-do-queijo-nova-exploracao-por-praticantes-do-clube-aventura-da-madeira\/"]}]},{"@type":"ImageObject","inLanguage":"pt-PT","@id":"https:\/\/www.camadeira.com\/web\/ribeira-da-agua-do-queijo-nova-exploracao-por-praticantes-do-clube-aventura-da-madeira\/#primaryimage","url":"https:\/\/www.camadeira.com\/web\/wp-content\/uploads\/2019\/04\/20190406_104105_HDR.jpg","contentUrl":"https:\/\/www.camadeira.com\/web\/wp-content\/uploads\/2019\/04\/20190406_104105_HDR.jpg","width":926,"height":694},{"@type":"BreadcrumbList","@id":"https:\/\/www.camadeira.com\/web\/ribeira-da-agua-do-queijo-nova-exploracao-por-praticantes-do-clube-aventura-da-madeira\/#breadcrumb","itemListElement":[{"@type":"ListItem","position":1,"name":"In\u00edcio","item":"https:\/\/www.camadeira.com\/web\/"},{"@type":"ListItem","position":2,"name":"Ribeira da \u00c1gua do Queijo \u2013 Nova explora\u00e7\u00e3o por praticantes do Clube Aventura da Madeira"}]},{"@type":"WebSite","@id":"https:\/\/www.camadeira.com\/web\/#website","url":"https:\/\/www.camadeira.com\/web\/","name":"Clube Aventura da Madeira","description":"Clube Aventura da Madeira","publisher":{"@id":"https:\/\/www.camadeira.com\/web\/#organization"},"potentialAction":[{"@type":"SearchAction","target":{"@type":"EntryPoint","urlTemplate":"https:\/\/www.camadeira.com\/web\/?s={search_term_string}"},"query-input":{"@type":"PropertyValueSpecification","valueRequired":true,"valueName":"search_term_string"}}],"inLanguage":"pt-PT"},{"@type":"Organization","@id":"https:\/\/www.camadeira.com\/web\/#organization","name":"Clube Aventura da Madeira","url":"https:\/\/www.camadeira.com\/web\/","logo":{"@type":"ImageObject","inLanguage":"pt-PT","@id":"https:\/\/www.camadeira.com\/web\/#\/schema\/logo\/image\/","url":"https:\/\/www.camadeira.com\/web\/wp-content\/uploads\/2017\/08\/logoCAMadeiraSite.png","contentUrl":"https:\/\/www.camadeira.com\/web\/wp-content\/uploads\/2017\/08\/logoCAMadeiraSite.png","width":340,"height":156,"caption":"Clube Aventura da Madeira"},"image":{"@id":"https:\/\/www.camadeira.com\/web\/#\/schema\/logo\/image\/"},"sameAs":["https:\/\/www.facebook.com\/CAMadeira"]},{"@type":"Person","@id":"https:\/\/www.camadeira.com\/web\/#\/schema\/person\/8903a677f0fa358bc7c1bce3ea676ac8","name":"admin","image":{"@type":"ImageObject","inLanguage":"pt-PT","@id":"https:\/\/www.camadeira.com\/web\/#\/schema\/person\/image\/","url":"https:\/\/secure.gravatar.com\/avatar\/ade04a5bc31d350da38e6a2ded5f4d0dda4e44d1e847bc64b0de9708a879bbe6?s=96&d=mm&r=g","contentUrl":"https:\/\/secure.gravatar.com\/avatar\/ade04a5bc31d350da38e6a2ded5f4d0dda4e44d1e847bc64b0de9708a879bbe6?s=96&d=mm&r=g","caption":"admin"},"url":"https:\/\/www.camadeira.com\/web\/author\/admin\/"}]}},"_links":{"self":[{"href":"https:\/\/www.camadeira.com\/web\/wp-json\/wp\/v2\/posts\/1020","targetHints":{"allow":["GET"]}}],"collection":[{"href":"https:\/\/www.camadeira.com\/web\/wp-json\/wp\/v2\/posts"}],"about":[{"href":"https:\/\/www.camadeira.com\/web\/wp-json\/wp\/v2\/types\/post"}],"author":[{"embeddable":true,"href":"https:\/\/www.camadeira.com\/web\/wp-json\/wp\/v2\/users\/1"}],"replies":[{"embeddable":true,"href":"https:\/\/www.camadeira.com\/web\/wp-json\/wp\/v2\/comments?post=1020"}],"version-history":[{"count":2,"href":"https:\/\/www.camadeira.com\/web\/wp-json\/wp\/v2\/posts\/1020\/revisions"}],"predecessor-version":[{"id":1024,"href":"https:\/\/www.camadeira.com\/web\/wp-json\/wp\/v2\/posts\/1020\/revisions\/1024"}],"wp:featuredmedia":[{"embeddable":true,"href":"https:\/\/www.camadeira.com\/web\/wp-json\/wp\/v2\/media\/1022"}],"wp:attachment":[{"href":"https:\/\/www.camadeira.com\/web\/wp-json\/wp\/v2\/media?parent=1020"}],"wp:term":[{"taxonomy":"category","embeddable":true,"href":"https:\/\/www.camadeira.com\/web\/wp-json\/wp\/v2\/categories?post=1020"},{"taxonomy":"post_tag","embeddable":true,"href":"https:\/\/www.camadeira.com\/web\/wp-json\/wp\/v2\/tags?post=1020"}],"curies":[{"name":"wp","href":"https:\/\/api.w.org\/{rel}","templated":true}]}}