{"id":1205,"date":"2020-08-29T14:39:00","date_gmt":"2020-08-29T14:39:00","guid":{"rendered":"https:\/\/www.camadeira.com\/web\/?p=1205"},"modified":"2020-08-29T14:50:40","modified_gmt":"2020-08-29T14:50:40","slug":"americo-caldeira-filipe-ferreira-jose-ribeiro-e-catia-fiqueli-destacaram-se-no-km-vertical-que-subiu-o-pico-grande","status":"publish","type":"post","link":"https:\/\/www.camadeira.com\/web\/americo-caldeira-filipe-ferreira-jose-ribeiro-e-catia-fiqueli-destacaram-se-no-km-vertical-que-subiu-o-pico-grande\/","title":{"rendered":"Am\u00e9rico Caldeira, Filipe Ferreira, Jos\u00e9 Ribeiro e C\u00e1tia Fiqueli destacaram-se no KM Vertical que subiu o Pico Grande"},"content":{"rendered":"<p><img loading=\"lazy\" decoding=\"async\" class=\"aligncenter size-full wp-image-1206\" src=\"https:\/\/www.camadeira.com\/web\/wp-content\/uploads\/2020\/08\/DSC_0092.jpg\" alt=\"\" width=\"2494\" height=\"1783\" srcset=\"https:\/\/www.camadeira.com\/web\/wp-content\/uploads\/2020\/08\/DSC_0092.jpg 2494w, https:\/\/www.camadeira.com\/web\/wp-content\/uploads\/2020\/08\/DSC_0092-300x214.jpg 300w, https:\/\/www.camadeira.com\/web\/wp-content\/uploads\/2020\/08\/DSC_0092-1030x736.jpg 1030w, https:\/\/www.camadeira.com\/web\/wp-content\/uploads\/2020\/08\/DSC_0092-768x549.jpg 768w, https:\/\/www.camadeira.com\/web\/wp-content\/uploads\/2020\/08\/DSC_0092-1536x1098.jpg 1536w, https:\/\/www.camadeira.com\/web\/wp-content\/uploads\/2020\/08\/DSC_0092-2048x1464.jpg 2048w, https:\/\/www.camadeira.com\/web\/wp-content\/uploads\/2020\/08\/DSC_0092-696x498.jpg 696w, https:\/\/www.camadeira.com\/web\/wp-content\/uploads\/2020\/08\/DSC_0092-1068x764.jpg 1068w, https:\/\/www.camadeira.com\/web\/wp-content\/uploads\/2020\/08\/DSC_0092-587x420.jpg 587w, https:\/\/www.camadeira.com\/web\/wp-content\/uploads\/2020\/08\/DSC_0092-100x70.jpg 100w\" sizes=\"auto, (max-width: 2494px) 100vw, 2494px\" \/><\/p>\n<p>Decorreu hoje o KM Vertical de C\u00e2mara de Lobos, com um itiner\u00e1rio que sobe ao Pico Grande. O Clube Aventura da Madeira esteve representado por 7 skyrunners (Am\u00e9rico Caldeira, Filipe Ferreira, Mauro C\u00e2mara, Jos\u00e9 Ribeiro, Norberto Ribeiro, C\u00e1tia Fiqueli e Rosalina Gouveia) que alcan\u00e7aram resultados merit\u00f3rios.<\/p>\n<p>Am\u00e9rico Caldeira foi o segundo classificado da geral masculina com o tempo de 41:46, revelando uma excelente forma, que lhe valeu ainda ser o primeiro entre os veteranos 40. Filipe Ferreira voltou a surpreender com mais um resultado de bom n\u00edvel, alcan\u00e7ando a 4.\u00aa posi\u00e7\u00e3o a 29 segundos do p\u00f3dio da geral masculina, no seu escal\u00e3o s\u00e9nior foi o 3.\u00ba classificado. Mauro C\u00e2mara foi 23.\u00ba da geral e 8.\u00ba no escal\u00e3o M40, completando a equipa na classifica\u00e7\u00e3o coletiva.<\/p>\n<p>Jos\u00e9 Ribeiro num regresso \u00e0 competi\u00e7\u00e3o voltou muito bem, venceu o disputado escal\u00e3o de veteranos 50, e obteve a 29.\u00aa posi\u00e7\u00e3o \u00e0 geral masculina com o tempo de 52:35. Norberto Ribeiro seguiu-se na 41.\u00aa posi\u00e7\u00e3o com o tempo de 55:38.<\/p>\n<p>C\u00e1tia Fiqueli foi 4\u00aa \u00e0 geral feminina e 2.\u00aa no escal\u00e3o S\u00e9nior, COM 57:02, em mais uma excelente presta\u00e7\u00e3o nesta dif\u00edcil disciplina do skyrunning. Rosalina Gouveia foi 16.\u00aa com o tempo de 1:35:46 e 8.\u00aa no escal\u00e3o F40.<\/p>\n<p><img loading=\"lazy\" decoding=\"async\" class=\"aligncenter size-full wp-image-1211\" src=\"https:\/\/www.camadeira.com\/web\/wp-content\/uploads\/2020\/08\/DSC_0076.jpg\" alt=\"\" width=\"2337\" height=\"1671\" srcset=\"https:\/\/www.camadeira.com\/web\/wp-content\/uploads\/2020\/08\/DSC_0076.jpg 2337w, https:\/\/www.camadeira.com\/web\/wp-content\/uploads\/2020\/08\/DSC_0076-300x215.jpg 300w, https:\/\/www.camadeira.com\/web\/wp-content\/uploads\/2020\/08\/DSC_0076-1030x736.jpg 1030w, https:\/\/www.camadeira.com\/web\/wp-content\/uploads\/2020\/08\/DSC_0076-768x549.jpg 768w, https:\/\/www.camadeira.com\/web\/wp-content\/uploads\/2020\/08\/DSC_0076-1536x1098.jpg 1536w, https:\/\/www.camadeira.com\/web\/wp-content\/uploads\/2020\/08\/DSC_0076-2048x1464.jpg 2048w, https:\/\/www.camadeira.com\/web\/wp-content\/uploads\/2020\/08\/DSC_0076-696x498.jpg 696w, https:\/\/www.camadeira.com\/web\/wp-content\/uploads\/2020\/08\/DSC_0076-1068x764.jpg 1068w, https:\/\/www.camadeira.com\/web\/wp-content\/uploads\/2020\/08\/DSC_0076-587x420.jpg 587w\" sizes=\"auto, (max-width: 2337px) 100vw, 2337px\" \/><\/p>\n<p><strong>Masculinos<\/strong><\/p>\n<p>2.\u00ba Am\u00e9rico Caldeira 00:41:46 V40 1.\u00ba<\/p>\n<p>4.\u00ba Filipe Ferreira 00:42:42\u00a0\u00a0 Sen 3.\u00ba<\/p>\n<p>23.\u00ba Mauro C\u00e2mara 00:51:43 V40 8.\u00ba<\/p>\n<p>29.\u00ba Jos\u00e9 Ribeiro 00:52:35\u00a0 V50 1.\u00ba<\/p>\n<p>41.\u00ba Norberto Ribeiro 00:55:38 V50<\/p>\n<p><strong>Femininos<\/strong><\/p>\n<p>4.\u00aa C\u00e1tia Fiqueli 00:57:02\u00a0 Sen 2.\u00aa<\/p>\n<p>16.\u00aa Rosalina Gouveia 01:35:46 v40 8.\u00aa<\/p>\n","protected":false},"excerpt":{"rendered":"<p>Decorreu hoje o KM Vertical de C\u00e2mara de Lobos, com um itiner\u00e1rio que sobe ao Pico Grande. O Clube Aventura da Madeira esteve representado por 7 skyrunners (Am\u00e9rico Caldeira, Filipe [&hellip;]<\/p>\n","protected":false},"author":1,"featured_media":1211,"comment_status":"closed","ping_status":"closed","sticky":false,"template":"","format":"standard","meta":{"footnotes":""},"categories":[39],"tags":[],"class_list":["post-1205","post","type-post","status-publish","format-standard","has-post-thumbnail","category-skyrunning"],"yoast_head":"<!-- This site is optimized with the Yoast SEO plugin v26.7 - https:\/\/yoast.com\/wordpress\/plugins\/seo\/ -->\n<title>Am\u00e9rico Caldeira, Filipe Ferreira, Jos\u00e9 Ribeiro e C\u00e1tia Fiqueli destacaram-se no KM Vertical que subiu o Pico Grande - Clube Aventura da Madeira<\/title>\n<meta name=\"robots\" content=\"index, follow, max-snippet:-1, max-image-preview:large, max-video-preview:-1\" \/>\n<link rel=\"canonical\" href=\"https:\/\/www.camadeira.com\/web\/americo-caldeira-filipe-ferreira-jose-ribeiro-e-catia-fiqueli-destacaram-se-no-km-vertical-que-subiu-o-pico-grande\/\" \/>\n<meta property=\"og:locale\" content=\"pt_PT\" \/>\n<meta property=\"og:type\" content=\"article\" \/>\n<meta property=\"og:title\" content=\"Am\u00e9rico Caldeira, Filipe Ferreira, Jos\u00e9 Ribeiro e C\u00e1tia Fiqueli destacaram-se no KM Vertical que subiu o Pico Grande - Clube Aventura da Madeira\" \/>\n<meta property=\"og:description\" content=\"Decorreu hoje o KM Vertical de C\u00e2mara de Lobos, com um itiner\u00e1rio que sobe ao Pico Grande. O Clube Aventura da Madeira esteve representado por 7 skyrunners (Am\u00e9rico Caldeira, Filipe [&hellip;]\" \/>\n<meta property=\"og:url\" content=\"https:\/\/www.camadeira.com\/web\/americo-caldeira-filipe-ferreira-jose-ribeiro-e-catia-fiqueli-destacaram-se-no-km-vertical-que-subiu-o-pico-grande\/\" \/>\n<meta property=\"og:site_name\" content=\"Clube Aventura da Madeira\" \/>\n<meta property=\"article:publisher\" content=\"https:\/\/www.facebook.com\/CAMadeira\" \/>\n<meta property=\"article:published_time\" content=\"2020-08-29T14:39:00+00:00\" \/>\n<meta property=\"article:modified_time\" content=\"2020-08-29T14:50:40+00:00\" \/>\n<meta property=\"og:image\" content=\"https:\/\/www.camadeira.com\/web\/wp-content\/uploads\/2020\/08\/DSC_0076.jpg\" \/>\n\t<meta property=\"og:image:width\" content=\"2337\" \/>\n\t<meta property=\"og:image:height\" content=\"1671\" \/>\n\t<meta property=\"og:image:type\" content=\"image\/jpeg\" \/>\n<meta name=\"author\" content=\"admin\" \/>\n<meta name=\"twitter:card\" content=\"summary_large_image\" \/>\n<meta name=\"twitter:label1\" content=\"Escrito por\" \/>\n\t<meta name=\"twitter:data1\" content=\"admin\" \/>\n\t<meta name=\"twitter:label2\" content=\"Tempo estimado de leitura\" \/>\n\t<meta name=\"twitter:data2\" content=\"1 minuto\" \/>\n<script type=\"application\/ld+json\" class=\"yoast-schema-graph\">{\"@context\":\"https:\/\/schema.org\",\"@graph\":[{\"@type\":\"Article\",\"@id\":\"https:\/\/www.camadeira.com\/web\/americo-caldeira-filipe-ferreira-jose-ribeiro-e-catia-fiqueli-destacaram-se-no-km-vertical-que-subiu-o-pico-grande\/#article\",\"isPartOf\":{\"@id\":\"https:\/\/www.camadeira.com\/web\/americo-caldeira-filipe-ferreira-jose-ribeiro-e-catia-fiqueli-destacaram-se-no-km-vertical-que-subiu-o-pico-grande\/\"},\"author\":{\"name\":\"admin\",\"@id\":\"https:\/\/www.camadeira.com\/web\/#\/schema\/person\/8903a677f0fa358bc7c1bce3ea676ac8\"},\"headline\":\"Am\u00e9rico Caldeira, Filipe Ferreira, Jos\u00e9 Ribeiro e C\u00e1tia Fiqueli destacaram-se no KM Vertical que subiu o Pico Grande\",\"datePublished\":\"2020-08-29T14:39:00+00:00\",\"dateModified\":\"2020-08-29T14:50:40+00:00\",\"mainEntityOfPage\":{\"@id\":\"https:\/\/www.camadeira.com\/web\/americo-caldeira-filipe-ferreira-jose-ribeiro-e-catia-fiqueli-destacaram-se-no-km-vertical-que-subiu-o-pico-grande\/\"},\"wordCount\":253,\"publisher\":{\"@id\":\"https:\/\/www.camadeira.com\/web\/#organization\"},\"image\":{\"@id\":\"https:\/\/www.camadeira.com\/web\/americo-caldeira-filipe-ferreira-jose-ribeiro-e-catia-fiqueli-destacaram-se-no-km-vertical-que-subiu-o-pico-grande\/#primaryimage\"},\"thumbnailUrl\":\"https:\/\/www.camadeira.com\/web\/wp-content\/uploads\/2020\/08\/DSC_0076.jpg\",\"articleSection\":[\"Skyrunning\"],\"inLanguage\":\"pt-PT\"},{\"@type\":\"WebPage\",\"@id\":\"https:\/\/www.camadeira.com\/web\/americo-caldeira-filipe-ferreira-jose-ribeiro-e-catia-fiqueli-destacaram-se-no-km-vertical-que-subiu-o-pico-grande\/\",\"url\":\"https:\/\/www.camadeira.com\/web\/americo-caldeira-filipe-ferreira-jose-ribeiro-e-catia-fiqueli-destacaram-se-no-km-vertical-que-subiu-o-pico-grande\/\",\"name\":\"Am\u00e9rico Caldeira, Filipe Ferreira, Jos\u00e9 Ribeiro e C\u00e1tia Fiqueli destacaram-se no KM Vertical que subiu o Pico Grande - Clube Aventura da Madeira\",\"isPartOf\":{\"@id\":\"https:\/\/www.camadeira.com\/web\/#website\"},\"primaryImageOfPage\":{\"@id\":\"https:\/\/www.camadeira.com\/web\/americo-caldeira-filipe-ferreira-jose-ribeiro-e-catia-fiqueli-destacaram-se-no-km-vertical-que-subiu-o-pico-grande\/#primaryimage\"},\"image\":{\"@id\":\"https:\/\/www.camadeira.com\/web\/americo-caldeira-filipe-ferreira-jose-ribeiro-e-catia-fiqueli-destacaram-se-no-km-vertical-que-subiu-o-pico-grande\/#primaryimage\"},\"thumbnailUrl\":\"https:\/\/www.camadeira.com\/web\/wp-content\/uploads\/2020\/08\/DSC_0076.jpg\",\"datePublished\":\"2020-08-29T14:39:00+00:00\",\"dateModified\":\"2020-08-29T14:50:40+00:00\",\"breadcrumb\":{\"@id\":\"https:\/\/www.camadeira.com\/web\/americo-caldeira-filipe-ferreira-jose-ribeiro-e-catia-fiqueli-destacaram-se-no-km-vertical-que-subiu-o-pico-grande\/#breadcrumb\"},\"inLanguage\":\"pt-PT\",\"potentialAction\":[{\"@type\":\"ReadAction\",\"target\":[\"https:\/\/www.camadeira.com\/web\/americo-caldeira-filipe-ferreira-jose-ribeiro-e-catia-fiqueli-destacaram-se-no-km-vertical-que-subiu-o-pico-grande\/\"]}]},{\"@type\":\"ImageObject\",\"inLanguage\":\"pt-PT\",\"@id\":\"https:\/\/www.camadeira.com\/web\/americo-caldeira-filipe-ferreira-jose-ribeiro-e-catia-fiqueli-destacaram-se-no-km-vertical-que-subiu-o-pico-grande\/#primaryimage\",\"url\":\"https:\/\/www.camadeira.com\/web\/wp-content\/uploads\/2020\/08\/DSC_0076.jpg\",\"contentUrl\":\"https:\/\/www.camadeira.com\/web\/wp-content\/uploads\/2020\/08\/DSC_0076.jpg\",\"width\":2337,\"height\":1671},{\"@type\":\"BreadcrumbList\",\"@id\":\"https:\/\/www.camadeira.com\/web\/americo-caldeira-filipe-ferreira-jose-ribeiro-e-catia-fiqueli-destacaram-se-no-km-vertical-que-subiu-o-pico-grande\/#breadcrumb\",\"itemListElement\":[{\"@type\":\"ListItem\",\"position\":1,\"name\":\"In\u00edcio\",\"item\":\"https:\/\/www.camadeira.com\/web\/\"},{\"@type\":\"ListItem\",\"position\":2,\"name\":\"Am\u00e9rico Caldeira, Filipe Ferreira, Jos\u00e9 Ribeiro e C\u00e1tia Fiqueli destacaram-se no KM Vertical que subiu o Pico Grande\"}]},{\"@type\":\"WebSite\",\"@id\":\"https:\/\/www.camadeira.com\/web\/#website\",\"url\":\"https:\/\/www.camadeira.com\/web\/\",\"name\":\"Clube Aventura da Madeira\",\"description\":\"Clube Aventura da Madeira\",\"publisher\":{\"@id\":\"https:\/\/www.camadeira.com\/web\/#organization\"},\"potentialAction\":[{\"@type\":\"SearchAction\",\"target\":{\"@type\":\"EntryPoint\",\"urlTemplate\":\"https:\/\/www.camadeira.com\/web\/?s={search_term_string}\"},\"query-input\":{\"@type\":\"PropertyValueSpecification\",\"valueRequired\":true,\"valueName\":\"search_term_string\"}}],\"inLanguage\":\"pt-PT\"},{\"@type\":\"Organization\",\"@id\":\"https:\/\/www.camadeira.com\/web\/#organization\",\"name\":\"Clube Aventura da Madeira\",\"url\":\"https:\/\/www.camadeira.com\/web\/\",\"logo\":{\"@type\":\"ImageObject\",\"inLanguage\":\"pt-PT\",\"@id\":\"https:\/\/www.camadeira.com\/web\/#\/schema\/logo\/image\/\",\"url\":\"https:\/\/www.camadeira.com\/web\/wp-content\/uploads\/2017\/08\/logoCAMadeiraSite.png\",\"contentUrl\":\"https:\/\/www.camadeira.com\/web\/wp-content\/uploads\/2017\/08\/logoCAMadeiraSite.png\",\"width\":340,\"height\":156,\"caption\":\"Clube Aventura da Madeira\"},\"image\":{\"@id\":\"https:\/\/www.camadeira.com\/web\/#\/schema\/logo\/image\/\"},\"sameAs\":[\"https:\/\/www.facebook.com\/CAMadeira\"]},{\"@type\":\"Person\",\"@id\":\"https:\/\/www.camadeira.com\/web\/#\/schema\/person\/8903a677f0fa358bc7c1bce3ea676ac8\",\"name\":\"admin\",\"image\":{\"@type\":\"ImageObject\",\"inLanguage\":\"pt-PT\",\"@id\":\"https:\/\/www.camadeira.com\/web\/#\/schema\/person\/image\/\",\"url\":\"https:\/\/secure.gravatar.com\/avatar\/ade04a5bc31d350da38e6a2ded5f4d0dda4e44d1e847bc64b0de9708a879bbe6?s=96&d=mm&r=g\",\"contentUrl\":\"https:\/\/secure.gravatar.com\/avatar\/ade04a5bc31d350da38e6a2ded5f4d0dda4e44d1e847bc64b0de9708a879bbe6?s=96&d=mm&r=g\",\"caption\":\"admin\"},\"url\":\"https:\/\/www.camadeira.com\/web\/author\/admin\/\"}]}<\/script>\n<!-- \/ Yoast SEO plugin. -->","yoast_head_json":{"title":"Am\u00e9rico Caldeira, Filipe Ferreira, Jos\u00e9 Ribeiro e C\u00e1tia Fiqueli destacaram-se no KM Vertical que subiu o Pico Grande - Clube Aventura da Madeira","robots":{"index":"index","follow":"follow","max-snippet":"max-snippet:-1","max-image-preview":"max-image-preview:large","max-video-preview":"max-video-preview:-1"},"canonical":"https:\/\/www.camadeira.com\/web\/americo-caldeira-filipe-ferreira-jose-ribeiro-e-catia-fiqueli-destacaram-se-no-km-vertical-que-subiu-o-pico-grande\/","og_locale":"pt_PT","og_type":"article","og_title":"Am\u00e9rico Caldeira, Filipe Ferreira, Jos\u00e9 Ribeiro e C\u00e1tia Fiqueli destacaram-se no KM Vertical que subiu o Pico Grande - Clube Aventura da Madeira","og_description":"Decorreu hoje o KM Vertical de C\u00e2mara de Lobos, com um itiner\u00e1rio que sobe ao Pico Grande. O Clube Aventura da Madeira esteve representado por 7 skyrunners (Am\u00e9rico Caldeira, Filipe [&hellip;]","og_url":"https:\/\/www.camadeira.com\/web\/americo-caldeira-filipe-ferreira-jose-ribeiro-e-catia-fiqueli-destacaram-se-no-km-vertical-que-subiu-o-pico-grande\/","og_site_name":"Clube Aventura da Madeira","article_publisher":"https:\/\/www.facebook.com\/CAMadeira","article_published_time":"2020-08-29T14:39:00+00:00","article_modified_time":"2020-08-29T14:50:40+00:00","og_image":[{"width":2337,"height":1671,"url":"https:\/\/www.camadeira.com\/web\/wp-content\/uploads\/2020\/08\/DSC_0076.jpg","type":"image\/jpeg"}],"author":"admin","twitter_card":"summary_large_image","twitter_misc":{"Escrito por":"admin","Tempo estimado de leitura":"1 minuto"},"schema":{"@context":"https:\/\/schema.org","@graph":[{"@type":"Article","@id":"https:\/\/www.camadeira.com\/web\/americo-caldeira-filipe-ferreira-jose-ribeiro-e-catia-fiqueli-destacaram-se-no-km-vertical-que-subiu-o-pico-grande\/#article","isPartOf":{"@id":"https:\/\/www.camadeira.com\/web\/americo-caldeira-filipe-ferreira-jose-ribeiro-e-catia-fiqueli-destacaram-se-no-km-vertical-que-subiu-o-pico-grande\/"},"author":{"name":"admin","@id":"https:\/\/www.camadeira.com\/web\/#\/schema\/person\/8903a677f0fa358bc7c1bce3ea676ac8"},"headline":"Am\u00e9rico Caldeira, Filipe Ferreira, Jos\u00e9 Ribeiro e C\u00e1tia Fiqueli destacaram-se no KM Vertical que subiu o Pico Grande","datePublished":"2020-08-29T14:39:00+00:00","dateModified":"2020-08-29T14:50:40+00:00","mainEntityOfPage":{"@id":"https:\/\/www.camadeira.com\/web\/americo-caldeira-filipe-ferreira-jose-ribeiro-e-catia-fiqueli-destacaram-se-no-km-vertical-que-subiu-o-pico-grande\/"},"wordCount":253,"publisher":{"@id":"https:\/\/www.camadeira.com\/web\/#organization"},"image":{"@id":"https:\/\/www.camadeira.com\/web\/americo-caldeira-filipe-ferreira-jose-ribeiro-e-catia-fiqueli-destacaram-se-no-km-vertical-que-subiu-o-pico-grande\/#primaryimage"},"thumbnailUrl":"https:\/\/www.camadeira.com\/web\/wp-content\/uploads\/2020\/08\/DSC_0076.jpg","articleSection":["Skyrunning"],"inLanguage":"pt-PT"},{"@type":"WebPage","@id":"https:\/\/www.camadeira.com\/web\/americo-caldeira-filipe-ferreira-jose-ribeiro-e-catia-fiqueli-destacaram-se-no-km-vertical-que-subiu-o-pico-grande\/","url":"https:\/\/www.camadeira.com\/web\/americo-caldeira-filipe-ferreira-jose-ribeiro-e-catia-fiqueli-destacaram-se-no-km-vertical-que-subiu-o-pico-grande\/","name":"Am\u00e9rico Caldeira, Filipe Ferreira, Jos\u00e9 Ribeiro e C\u00e1tia Fiqueli destacaram-se no KM Vertical que subiu o Pico Grande - Clube Aventura da Madeira","isPartOf":{"@id":"https:\/\/www.camadeira.com\/web\/#website"},"primaryImageOfPage":{"@id":"https:\/\/www.camadeira.com\/web\/americo-caldeira-filipe-ferreira-jose-ribeiro-e-catia-fiqueli-destacaram-se-no-km-vertical-que-subiu-o-pico-grande\/#primaryimage"},"image":{"@id":"https:\/\/www.camadeira.com\/web\/americo-caldeira-filipe-ferreira-jose-ribeiro-e-catia-fiqueli-destacaram-se-no-km-vertical-que-subiu-o-pico-grande\/#primaryimage"},"thumbnailUrl":"https:\/\/www.camadeira.com\/web\/wp-content\/uploads\/2020\/08\/DSC_0076.jpg","datePublished":"2020-08-29T14:39:00+00:00","dateModified":"2020-08-29T14:50:40+00:00","breadcrumb":{"@id":"https:\/\/www.camadeira.com\/web\/americo-caldeira-filipe-ferreira-jose-ribeiro-e-catia-fiqueli-destacaram-se-no-km-vertical-que-subiu-o-pico-grande\/#breadcrumb"},"inLanguage":"pt-PT","potentialAction":[{"@type":"ReadAction","target":["https:\/\/www.camadeira.com\/web\/americo-caldeira-filipe-ferreira-jose-ribeiro-e-catia-fiqueli-destacaram-se-no-km-vertical-que-subiu-o-pico-grande\/"]}]},{"@type":"ImageObject","inLanguage":"pt-PT","@id":"https:\/\/www.camadeira.com\/web\/americo-caldeira-filipe-ferreira-jose-ribeiro-e-catia-fiqueli-destacaram-se-no-km-vertical-que-subiu-o-pico-grande\/#primaryimage","url":"https:\/\/www.camadeira.com\/web\/wp-content\/uploads\/2020\/08\/DSC_0076.jpg","contentUrl":"https:\/\/www.camadeira.com\/web\/wp-content\/uploads\/2020\/08\/DSC_0076.jpg","width":2337,"height":1671},{"@type":"BreadcrumbList","@id":"https:\/\/www.camadeira.com\/web\/americo-caldeira-filipe-ferreira-jose-ribeiro-e-catia-fiqueli-destacaram-se-no-km-vertical-que-subiu-o-pico-grande\/#breadcrumb","itemListElement":[{"@type":"ListItem","position":1,"name":"In\u00edcio","item":"https:\/\/www.camadeira.com\/web\/"},{"@type":"ListItem","position":2,"name":"Am\u00e9rico Caldeira, Filipe Ferreira, Jos\u00e9 Ribeiro e C\u00e1tia Fiqueli destacaram-se no KM Vertical que subiu o Pico Grande"}]},{"@type":"WebSite","@id":"https:\/\/www.camadeira.com\/web\/#website","url":"https:\/\/www.camadeira.com\/web\/","name":"Clube Aventura da Madeira","description":"Clube Aventura da Madeira","publisher":{"@id":"https:\/\/www.camadeira.com\/web\/#organization"},"potentialAction":[{"@type":"SearchAction","target":{"@type":"EntryPoint","urlTemplate":"https:\/\/www.camadeira.com\/web\/?s={search_term_string}"},"query-input":{"@type":"PropertyValueSpecification","valueRequired":true,"valueName":"search_term_string"}}],"inLanguage":"pt-PT"},{"@type":"Organization","@id":"https:\/\/www.camadeira.com\/web\/#organization","name":"Clube Aventura da Madeira","url":"https:\/\/www.camadeira.com\/web\/","logo":{"@type":"ImageObject","inLanguage":"pt-PT","@id":"https:\/\/www.camadeira.com\/web\/#\/schema\/logo\/image\/","url":"https:\/\/www.camadeira.com\/web\/wp-content\/uploads\/2017\/08\/logoCAMadeiraSite.png","contentUrl":"https:\/\/www.camadeira.com\/web\/wp-content\/uploads\/2017\/08\/logoCAMadeiraSite.png","width":340,"height":156,"caption":"Clube Aventura da Madeira"},"image":{"@id":"https:\/\/www.camadeira.com\/web\/#\/schema\/logo\/image\/"},"sameAs":["https:\/\/www.facebook.com\/CAMadeira"]},{"@type":"Person","@id":"https:\/\/www.camadeira.com\/web\/#\/schema\/person\/8903a677f0fa358bc7c1bce3ea676ac8","name":"admin","image":{"@type":"ImageObject","inLanguage":"pt-PT","@id":"https:\/\/www.camadeira.com\/web\/#\/schema\/person\/image\/","url":"https:\/\/secure.gravatar.com\/avatar\/ade04a5bc31d350da38e6a2ded5f4d0dda4e44d1e847bc64b0de9708a879bbe6?s=96&d=mm&r=g","contentUrl":"https:\/\/secure.gravatar.com\/avatar\/ade04a5bc31d350da38e6a2ded5f4d0dda4e44d1e847bc64b0de9708a879bbe6?s=96&d=mm&r=g","caption":"admin"},"url":"https:\/\/www.camadeira.com\/web\/author\/admin\/"}]}},"_links":{"self":[{"href":"https:\/\/www.camadeira.com\/web\/wp-json\/wp\/v2\/posts\/1205","targetHints":{"allow":["GET"]}}],"collection":[{"href":"https:\/\/www.camadeira.com\/web\/wp-json\/wp\/v2\/posts"}],"about":[{"href":"https:\/\/www.camadeira.com\/web\/wp-json\/wp\/v2\/types\/post"}],"author":[{"embeddable":true,"href":"https:\/\/www.camadeira.com\/web\/wp-json\/wp\/v2\/users\/1"}],"replies":[{"embeddable":true,"href":"https:\/\/www.camadeira.com\/web\/wp-json\/wp\/v2\/comments?post=1205"}],"version-history":[{"count":3,"href":"https:\/\/www.camadeira.com\/web\/wp-json\/wp\/v2\/posts\/1205\/revisions"}],"predecessor-version":[{"id":1212,"href":"https:\/\/www.camadeira.com\/web\/wp-json\/wp\/v2\/posts\/1205\/revisions\/1212"}],"wp:featuredmedia":[{"embeddable":true,"href":"https:\/\/www.camadeira.com\/web\/wp-json\/wp\/v2\/media\/1211"}],"wp:attachment":[{"href":"https:\/\/www.camadeira.com\/web\/wp-json\/wp\/v2\/media?parent=1205"}],"wp:term":[{"taxonomy":"category","embeddable":true,"href":"https:\/\/www.camadeira.com\/web\/wp-json\/wp\/v2\/categories?post=1205"},{"taxonomy":"post_tag","embeddable":true,"href":"https:\/\/www.camadeira.com\/web\/wp-json\/wp\/v2\/tags?post=1205"}],"curies":[{"name":"wp","href":"https:\/\/api.w.org\/{rel}","templated":true}]}}