{"id":1232,"date":"2020-09-12T21:19:23","date_gmt":"2020-09-12T21:19:23","guid":{"rendered":"https:\/\/www.camadeira.com\/web\/?p=1232"},"modified":"2020-09-12T21:19:26","modified_gmt":"2020-09-12T21:19:26","slug":"sandro-rodrigues-foi-2-o-no-escalao-m45-na-etapa-da-taca-de-portugal-sprint-em-sesimbra","status":"publish","type":"post","link":"https:\/\/www.camadeira.com\/web\/sandro-rodrigues-foi-2-o-no-escalao-m45-na-etapa-da-taca-de-portugal-sprint-em-sesimbra\/","title":{"rendered":"Sandro Rodrigues foi 2.\u00ba no escal\u00e3o M45 na etapa da Ta\u00e7a de Portugal Sprint em Sesimbra"},"content":{"rendered":"<p>O orientista que representa o Clube Aventura da Madeira esteve em destaque na etapa da Ta\u00e7a de Portugal Sprint, que decorreu hoje, 12 de setembro, no Parque Augusto P\u00f3lvora, na Ma\u00e7a, concelho de Sesimbra,\u00a0 sendo 2.\u00ba classificado no seu escal\u00e3o, M45, a 19 segundos do 1.\u00ba lugar.<\/p>\n<p>Sandro Rodrigues cumpriu os 3,6km com 42 metros de desn\u00edvel positivo em 25:47, neste evento organizado pelo Grupo Desportivo Uni\u00e3o da Azoia e pela Federa\u00e7\u00e3o Portuguesa de Orienta\u00e7\u00e3o, que marcou o regresso \u00e0 competi\u00e7\u00e3o em contexto de pandemia covid-19.<\/p>\n<p><img loading=\"lazy\" decoding=\"async\" class=\"aligncenter size-full wp-image-1233\" src=\"https:\/\/www.camadeira.com\/web\/wp-content\/uploads\/2020\/09\/119474284_2653109341623114_1652680874542856049_n.jpg\" alt=\"\" width=\"1152\" height=\"648\" srcset=\"https:\/\/www.camadeira.com\/web\/wp-content\/uploads\/2020\/09\/119474284_2653109341623114_1652680874542856049_n.jpg 1152w, https:\/\/www.camadeira.com\/web\/wp-content\/uploads\/2020\/09\/119474284_2653109341623114_1652680874542856049_n-300x169.jpg 300w, https:\/\/www.camadeira.com\/web\/wp-content\/uploads\/2020\/09\/119474284_2653109341623114_1652680874542856049_n-1030x579.jpg 1030w, https:\/\/www.camadeira.com\/web\/wp-content\/uploads\/2020\/09\/119474284_2653109341623114_1652680874542856049_n-768x432.jpg 768w, https:\/\/www.camadeira.com\/web\/wp-content\/uploads\/2020\/09\/119474284_2653109341623114_1652680874542856049_n-696x392.jpg 696w, https:\/\/www.camadeira.com\/web\/wp-content\/uploads\/2020\/09\/119474284_2653109341623114_1652680874542856049_n-1068x601.jpg 1068w, https:\/\/www.camadeira.com\/web\/wp-content\/uploads\/2020\/09\/119474284_2653109341623114_1652680874542856049_n-747x420.jpg 747w\" sizes=\"auto, (max-width: 1152px) 100vw, 1152px\" \/><\/p>\n","protected":false},"excerpt":{"rendered":"<p>O orientista que representa o Clube Aventura da Madeira esteve em destaque na etapa da Ta\u00e7a de Portugal Sprint, que decorreu hoje, 12 de setembro, no Parque Augusto P\u00f3lvora, na [&hellip;]<\/p>\n","protected":false},"author":1,"featured_media":1234,"comment_status":"closed","ping_status":"closed","sticky":false,"template":"","format":"standard","meta":{"footnotes":""},"categories":[38],"tags":[],"class_list":["post-1232","post","type-post","status-publish","format-standard","has-post-thumbnail","category-orientacao"],"yoast_head":"<!-- This site is optimized with the Yoast SEO plugin v26.7 - https:\/\/yoast.com\/wordpress\/plugins\/seo\/ -->\n<title>Sandro Rodrigues foi 2.\u00ba no escal\u00e3o M45 na etapa da Ta\u00e7a de Portugal Sprint em Sesimbra - Clube Aventura da Madeira<\/title>\n<meta name=\"robots\" content=\"index, follow, max-snippet:-1, max-image-preview:large, max-video-preview:-1\" \/>\n<link rel=\"canonical\" href=\"https:\/\/www.camadeira.com\/web\/sandro-rodrigues-foi-2-o-no-escalao-m45-na-etapa-da-taca-de-portugal-sprint-em-sesimbra\/\" \/>\n<meta property=\"og:locale\" content=\"pt_PT\" \/>\n<meta property=\"og:type\" content=\"article\" \/>\n<meta property=\"og:title\" content=\"Sandro Rodrigues foi 2.\u00ba no escal\u00e3o M45 na etapa da Ta\u00e7a de Portugal Sprint em Sesimbra - Clube Aventura da Madeira\" \/>\n<meta property=\"og:description\" content=\"O orientista que representa o Clube Aventura da Madeira esteve em destaque na etapa da Ta\u00e7a de Portugal Sprint, que decorreu hoje, 12 de setembro, no Parque Augusto P\u00f3lvora, na [&hellip;]\" \/>\n<meta property=\"og:url\" content=\"https:\/\/www.camadeira.com\/web\/sandro-rodrigues-foi-2-o-no-escalao-m45-na-etapa-da-taca-de-portugal-sprint-em-sesimbra\/\" \/>\n<meta property=\"og:site_name\" content=\"Clube Aventura da Madeira\" \/>\n<meta property=\"article:publisher\" content=\"https:\/\/www.facebook.com\/CAMadeira\" \/>\n<meta property=\"article:published_time\" content=\"2020-09-12T21:19:23+00:00\" \/>\n<meta property=\"article:modified_time\" content=\"2020-09-12T21:19:26+00:00\" \/>\n<meta property=\"og:image\" content=\"https:\/\/www.camadeira.com\/web\/wp-content\/uploads\/2020\/09\/Sandro-Rodrigues-1.\u00ba-M40-Euro-Tour.jpg\" \/>\n\t<meta property=\"og:image:width\" content=\"629\" \/>\n\t<meta property=\"og:image:height\" content=\"562\" \/>\n\t<meta property=\"og:image:type\" content=\"image\/jpeg\" \/>\n<meta name=\"author\" content=\"admin\" \/>\n<meta name=\"twitter:card\" content=\"summary_large_image\" \/>\n<meta name=\"twitter:label1\" content=\"Escrito por\" \/>\n\t<meta name=\"twitter:data1\" content=\"admin\" \/>\n<script type=\"application\/ld+json\" class=\"yoast-schema-graph\">{\"@context\":\"https:\/\/schema.org\",\"@graph\":[{\"@type\":\"Article\",\"@id\":\"https:\/\/www.camadeira.com\/web\/sandro-rodrigues-foi-2-o-no-escalao-m45-na-etapa-da-taca-de-portugal-sprint-em-sesimbra\/#article\",\"isPartOf\":{\"@id\":\"https:\/\/www.camadeira.com\/web\/sandro-rodrigues-foi-2-o-no-escalao-m45-na-etapa-da-taca-de-portugal-sprint-em-sesimbra\/\"},\"author\":{\"name\":\"admin\",\"@id\":\"https:\/\/www.camadeira.com\/web\/#\/schema\/person\/8903a677f0fa358bc7c1bce3ea676ac8\"},\"headline\":\"Sandro Rodrigues foi 2.\u00ba no escal\u00e3o M45 na etapa da Ta\u00e7a de Portugal Sprint em Sesimbra\",\"datePublished\":\"2020-09-12T21:19:23+00:00\",\"dateModified\":\"2020-09-12T21:19:26+00:00\",\"mainEntityOfPage\":{\"@id\":\"https:\/\/www.camadeira.com\/web\/sandro-rodrigues-foi-2-o-no-escalao-m45-na-etapa-da-taca-de-portugal-sprint-em-sesimbra\/\"},\"wordCount\":105,\"publisher\":{\"@id\":\"https:\/\/www.camadeira.com\/web\/#organization\"},\"image\":{\"@id\":\"https:\/\/www.camadeira.com\/web\/sandro-rodrigues-foi-2-o-no-escalao-m45-na-etapa-da-taca-de-portugal-sprint-em-sesimbra\/#primaryimage\"},\"thumbnailUrl\":\"https:\/\/www.camadeira.com\/web\/wp-content\/uploads\/2020\/09\/Sandro-Rodrigues-1.\u00ba-M40-Euro-Tour.jpg\",\"articleSection\":[\"Orienta\u00e7\u00e3o\"],\"inLanguage\":\"pt-PT\"},{\"@type\":\"WebPage\",\"@id\":\"https:\/\/www.camadeira.com\/web\/sandro-rodrigues-foi-2-o-no-escalao-m45-na-etapa-da-taca-de-portugal-sprint-em-sesimbra\/\",\"url\":\"https:\/\/www.camadeira.com\/web\/sandro-rodrigues-foi-2-o-no-escalao-m45-na-etapa-da-taca-de-portugal-sprint-em-sesimbra\/\",\"name\":\"Sandro Rodrigues foi 2.\u00ba no escal\u00e3o M45 na etapa da Ta\u00e7a de Portugal Sprint em Sesimbra - Clube Aventura da Madeira\",\"isPartOf\":{\"@id\":\"https:\/\/www.camadeira.com\/web\/#website\"},\"primaryImageOfPage\":{\"@id\":\"https:\/\/www.camadeira.com\/web\/sandro-rodrigues-foi-2-o-no-escalao-m45-na-etapa-da-taca-de-portugal-sprint-em-sesimbra\/#primaryimage\"},\"image\":{\"@id\":\"https:\/\/www.camadeira.com\/web\/sandro-rodrigues-foi-2-o-no-escalao-m45-na-etapa-da-taca-de-portugal-sprint-em-sesimbra\/#primaryimage\"},\"thumbnailUrl\":\"https:\/\/www.camadeira.com\/web\/wp-content\/uploads\/2020\/09\/Sandro-Rodrigues-1.\u00ba-M40-Euro-Tour.jpg\",\"datePublished\":\"2020-09-12T21:19:23+00:00\",\"dateModified\":\"2020-09-12T21:19:26+00:00\",\"breadcrumb\":{\"@id\":\"https:\/\/www.camadeira.com\/web\/sandro-rodrigues-foi-2-o-no-escalao-m45-na-etapa-da-taca-de-portugal-sprint-em-sesimbra\/#breadcrumb\"},\"inLanguage\":\"pt-PT\",\"potentialAction\":[{\"@type\":\"ReadAction\",\"target\":[\"https:\/\/www.camadeira.com\/web\/sandro-rodrigues-foi-2-o-no-escalao-m45-na-etapa-da-taca-de-portugal-sprint-em-sesimbra\/\"]}]},{\"@type\":\"ImageObject\",\"inLanguage\":\"pt-PT\",\"@id\":\"https:\/\/www.camadeira.com\/web\/sandro-rodrigues-foi-2-o-no-escalao-m45-na-etapa-da-taca-de-portugal-sprint-em-sesimbra\/#primaryimage\",\"url\":\"https:\/\/www.camadeira.com\/web\/wp-content\/uploads\/2020\/09\/Sandro-Rodrigues-1.\u00ba-M40-Euro-Tour.jpg\",\"contentUrl\":\"https:\/\/www.camadeira.com\/web\/wp-content\/uploads\/2020\/09\/Sandro-Rodrigues-1.\u00ba-M40-Euro-Tour.jpg\",\"width\":629,\"height\":562},{\"@type\":\"BreadcrumbList\",\"@id\":\"https:\/\/www.camadeira.com\/web\/sandro-rodrigues-foi-2-o-no-escalao-m45-na-etapa-da-taca-de-portugal-sprint-em-sesimbra\/#breadcrumb\",\"itemListElement\":[{\"@type\":\"ListItem\",\"position\":1,\"name\":\"In\u00edcio\",\"item\":\"https:\/\/www.camadeira.com\/web\/\"},{\"@type\":\"ListItem\",\"position\":2,\"name\":\"Sandro Rodrigues foi 2.\u00ba no escal\u00e3o M45 na etapa da Ta\u00e7a de Portugal Sprint em Sesimbra\"}]},{\"@type\":\"WebSite\",\"@id\":\"https:\/\/www.camadeira.com\/web\/#website\",\"url\":\"https:\/\/www.camadeira.com\/web\/\",\"name\":\"Clube Aventura da Madeira\",\"description\":\"Clube Aventura da Madeira\",\"publisher\":{\"@id\":\"https:\/\/www.camadeira.com\/web\/#organization\"},\"potentialAction\":[{\"@type\":\"SearchAction\",\"target\":{\"@type\":\"EntryPoint\",\"urlTemplate\":\"https:\/\/www.camadeira.com\/web\/?s={search_term_string}\"},\"query-input\":{\"@type\":\"PropertyValueSpecification\",\"valueRequired\":true,\"valueName\":\"search_term_string\"}}],\"inLanguage\":\"pt-PT\"},{\"@type\":\"Organization\",\"@id\":\"https:\/\/www.camadeira.com\/web\/#organization\",\"name\":\"Clube Aventura da Madeira\",\"url\":\"https:\/\/www.camadeira.com\/web\/\",\"logo\":{\"@type\":\"ImageObject\",\"inLanguage\":\"pt-PT\",\"@id\":\"https:\/\/www.camadeira.com\/web\/#\/schema\/logo\/image\/\",\"url\":\"https:\/\/www.camadeira.com\/web\/wp-content\/uploads\/2017\/08\/logoCAMadeiraSite.png\",\"contentUrl\":\"https:\/\/www.camadeira.com\/web\/wp-content\/uploads\/2017\/08\/logoCAMadeiraSite.png\",\"width\":340,\"height\":156,\"caption\":\"Clube Aventura da Madeira\"},\"image\":{\"@id\":\"https:\/\/www.camadeira.com\/web\/#\/schema\/logo\/image\/\"},\"sameAs\":[\"https:\/\/www.facebook.com\/CAMadeira\"]},{\"@type\":\"Person\",\"@id\":\"https:\/\/www.camadeira.com\/web\/#\/schema\/person\/8903a677f0fa358bc7c1bce3ea676ac8\",\"name\":\"admin\",\"image\":{\"@type\":\"ImageObject\",\"inLanguage\":\"pt-PT\",\"@id\":\"https:\/\/www.camadeira.com\/web\/#\/schema\/person\/image\/\",\"url\":\"https:\/\/secure.gravatar.com\/avatar\/ade04a5bc31d350da38e6a2ded5f4d0dda4e44d1e847bc64b0de9708a879bbe6?s=96&d=mm&r=g\",\"contentUrl\":\"https:\/\/secure.gravatar.com\/avatar\/ade04a5bc31d350da38e6a2ded5f4d0dda4e44d1e847bc64b0de9708a879bbe6?s=96&d=mm&r=g\",\"caption\":\"admin\"},\"url\":\"https:\/\/www.camadeira.com\/web\/author\/admin\/\"}]}<\/script>\n<!-- \/ Yoast SEO plugin. -->","yoast_head_json":{"title":"Sandro Rodrigues foi 2.\u00ba no escal\u00e3o M45 na etapa da Ta\u00e7a de Portugal Sprint em Sesimbra - Clube Aventura da Madeira","robots":{"index":"index","follow":"follow","max-snippet":"max-snippet:-1","max-image-preview":"max-image-preview:large","max-video-preview":"max-video-preview:-1"},"canonical":"https:\/\/www.camadeira.com\/web\/sandro-rodrigues-foi-2-o-no-escalao-m45-na-etapa-da-taca-de-portugal-sprint-em-sesimbra\/","og_locale":"pt_PT","og_type":"article","og_title":"Sandro Rodrigues foi 2.\u00ba no escal\u00e3o M45 na etapa da Ta\u00e7a de Portugal Sprint em Sesimbra - Clube Aventura da Madeira","og_description":"O orientista que representa o Clube Aventura da Madeira esteve em destaque na etapa da Ta\u00e7a de Portugal Sprint, que decorreu hoje, 12 de setembro, no Parque Augusto P\u00f3lvora, na [&hellip;]","og_url":"https:\/\/www.camadeira.com\/web\/sandro-rodrigues-foi-2-o-no-escalao-m45-na-etapa-da-taca-de-portugal-sprint-em-sesimbra\/","og_site_name":"Clube Aventura da Madeira","article_publisher":"https:\/\/www.facebook.com\/CAMadeira","article_published_time":"2020-09-12T21:19:23+00:00","article_modified_time":"2020-09-12T21:19:26+00:00","og_image":[{"width":629,"height":562,"url":"https:\/\/www.camadeira.com\/web\/wp-content\/uploads\/2020\/09\/Sandro-Rodrigues-1.\u00ba-M40-Euro-Tour.jpg","type":"image\/jpeg"}],"author":"admin","twitter_card":"summary_large_image","twitter_misc":{"Escrito por":"admin"},"schema":{"@context":"https:\/\/schema.org","@graph":[{"@type":"Article","@id":"https:\/\/www.camadeira.com\/web\/sandro-rodrigues-foi-2-o-no-escalao-m45-na-etapa-da-taca-de-portugal-sprint-em-sesimbra\/#article","isPartOf":{"@id":"https:\/\/www.camadeira.com\/web\/sandro-rodrigues-foi-2-o-no-escalao-m45-na-etapa-da-taca-de-portugal-sprint-em-sesimbra\/"},"author":{"name":"admin","@id":"https:\/\/www.camadeira.com\/web\/#\/schema\/person\/8903a677f0fa358bc7c1bce3ea676ac8"},"headline":"Sandro Rodrigues foi 2.\u00ba no escal\u00e3o M45 na etapa da Ta\u00e7a de Portugal Sprint em Sesimbra","datePublished":"2020-09-12T21:19:23+00:00","dateModified":"2020-09-12T21:19:26+00:00","mainEntityOfPage":{"@id":"https:\/\/www.camadeira.com\/web\/sandro-rodrigues-foi-2-o-no-escalao-m45-na-etapa-da-taca-de-portugal-sprint-em-sesimbra\/"},"wordCount":105,"publisher":{"@id":"https:\/\/www.camadeira.com\/web\/#organization"},"image":{"@id":"https:\/\/www.camadeira.com\/web\/sandro-rodrigues-foi-2-o-no-escalao-m45-na-etapa-da-taca-de-portugal-sprint-em-sesimbra\/#primaryimage"},"thumbnailUrl":"https:\/\/www.camadeira.com\/web\/wp-content\/uploads\/2020\/09\/Sandro-Rodrigues-1.\u00ba-M40-Euro-Tour.jpg","articleSection":["Orienta\u00e7\u00e3o"],"inLanguage":"pt-PT"},{"@type":"WebPage","@id":"https:\/\/www.camadeira.com\/web\/sandro-rodrigues-foi-2-o-no-escalao-m45-na-etapa-da-taca-de-portugal-sprint-em-sesimbra\/","url":"https:\/\/www.camadeira.com\/web\/sandro-rodrigues-foi-2-o-no-escalao-m45-na-etapa-da-taca-de-portugal-sprint-em-sesimbra\/","name":"Sandro Rodrigues foi 2.\u00ba no escal\u00e3o M45 na etapa da Ta\u00e7a de Portugal Sprint em Sesimbra - Clube Aventura da Madeira","isPartOf":{"@id":"https:\/\/www.camadeira.com\/web\/#website"},"primaryImageOfPage":{"@id":"https:\/\/www.camadeira.com\/web\/sandro-rodrigues-foi-2-o-no-escalao-m45-na-etapa-da-taca-de-portugal-sprint-em-sesimbra\/#primaryimage"},"image":{"@id":"https:\/\/www.camadeira.com\/web\/sandro-rodrigues-foi-2-o-no-escalao-m45-na-etapa-da-taca-de-portugal-sprint-em-sesimbra\/#primaryimage"},"thumbnailUrl":"https:\/\/www.camadeira.com\/web\/wp-content\/uploads\/2020\/09\/Sandro-Rodrigues-1.\u00ba-M40-Euro-Tour.jpg","datePublished":"2020-09-12T21:19:23+00:00","dateModified":"2020-09-12T21:19:26+00:00","breadcrumb":{"@id":"https:\/\/www.camadeira.com\/web\/sandro-rodrigues-foi-2-o-no-escalao-m45-na-etapa-da-taca-de-portugal-sprint-em-sesimbra\/#breadcrumb"},"inLanguage":"pt-PT","potentialAction":[{"@type":"ReadAction","target":["https:\/\/www.camadeira.com\/web\/sandro-rodrigues-foi-2-o-no-escalao-m45-na-etapa-da-taca-de-portugal-sprint-em-sesimbra\/"]}]},{"@type":"ImageObject","inLanguage":"pt-PT","@id":"https:\/\/www.camadeira.com\/web\/sandro-rodrigues-foi-2-o-no-escalao-m45-na-etapa-da-taca-de-portugal-sprint-em-sesimbra\/#primaryimage","url":"https:\/\/www.camadeira.com\/web\/wp-content\/uploads\/2020\/09\/Sandro-Rodrigues-1.\u00ba-M40-Euro-Tour.jpg","contentUrl":"https:\/\/www.camadeira.com\/web\/wp-content\/uploads\/2020\/09\/Sandro-Rodrigues-1.\u00ba-M40-Euro-Tour.jpg","width":629,"height":562},{"@type":"BreadcrumbList","@id":"https:\/\/www.camadeira.com\/web\/sandro-rodrigues-foi-2-o-no-escalao-m45-na-etapa-da-taca-de-portugal-sprint-em-sesimbra\/#breadcrumb","itemListElement":[{"@type":"ListItem","position":1,"name":"In\u00edcio","item":"https:\/\/www.camadeira.com\/web\/"},{"@type":"ListItem","position":2,"name":"Sandro Rodrigues foi 2.\u00ba no escal\u00e3o M45 na etapa da Ta\u00e7a de Portugal Sprint em Sesimbra"}]},{"@type":"WebSite","@id":"https:\/\/www.camadeira.com\/web\/#website","url":"https:\/\/www.camadeira.com\/web\/","name":"Clube Aventura da Madeira","description":"Clube Aventura da Madeira","publisher":{"@id":"https:\/\/www.camadeira.com\/web\/#organization"},"potentialAction":[{"@type":"SearchAction","target":{"@type":"EntryPoint","urlTemplate":"https:\/\/www.camadeira.com\/web\/?s={search_term_string}"},"query-input":{"@type":"PropertyValueSpecification","valueRequired":true,"valueName":"search_term_string"}}],"inLanguage":"pt-PT"},{"@type":"Organization","@id":"https:\/\/www.camadeira.com\/web\/#organization","name":"Clube Aventura da Madeira","url":"https:\/\/www.camadeira.com\/web\/","logo":{"@type":"ImageObject","inLanguage":"pt-PT","@id":"https:\/\/www.camadeira.com\/web\/#\/schema\/logo\/image\/","url":"https:\/\/www.camadeira.com\/web\/wp-content\/uploads\/2017\/08\/logoCAMadeiraSite.png","contentUrl":"https:\/\/www.camadeira.com\/web\/wp-content\/uploads\/2017\/08\/logoCAMadeiraSite.png","width":340,"height":156,"caption":"Clube Aventura da Madeira"},"image":{"@id":"https:\/\/www.camadeira.com\/web\/#\/schema\/logo\/image\/"},"sameAs":["https:\/\/www.facebook.com\/CAMadeira"]},{"@type":"Person","@id":"https:\/\/www.camadeira.com\/web\/#\/schema\/person\/8903a677f0fa358bc7c1bce3ea676ac8","name":"admin","image":{"@type":"ImageObject","inLanguage":"pt-PT","@id":"https:\/\/www.camadeira.com\/web\/#\/schema\/person\/image\/","url":"https:\/\/secure.gravatar.com\/avatar\/ade04a5bc31d350da38e6a2ded5f4d0dda4e44d1e847bc64b0de9708a879bbe6?s=96&d=mm&r=g","contentUrl":"https:\/\/secure.gravatar.com\/avatar\/ade04a5bc31d350da38e6a2ded5f4d0dda4e44d1e847bc64b0de9708a879bbe6?s=96&d=mm&r=g","caption":"admin"},"url":"https:\/\/www.camadeira.com\/web\/author\/admin\/"}]}},"_links":{"self":[{"href":"https:\/\/www.camadeira.com\/web\/wp-json\/wp\/v2\/posts\/1232","targetHints":{"allow":["GET"]}}],"collection":[{"href":"https:\/\/www.camadeira.com\/web\/wp-json\/wp\/v2\/posts"}],"about":[{"href":"https:\/\/www.camadeira.com\/web\/wp-json\/wp\/v2\/types\/post"}],"author":[{"embeddable":true,"href":"https:\/\/www.camadeira.com\/web\/wp-json\/wp\/v2\/users\/1"}],"replies":[{"embeddable":true,"href":"https:\/\/www.camadeira.com\/web\/wp-json\/wp\/v2\/comments?post=1232"}],"version-history":[{"count":1,"href":"https:\/\/www.camadeira.com\/web\/wp-json\/wp\/v2\/posts\/1232\/revisions"}],"predecessor-version":[{"id":1235,"href":"https:\/\/www.camadeira.com\/web\/wp-json\/wp\/v2\/posts\/1232\/revisions\/1235"}],"wp:featuredmedia":[{"embeddable":true,"href":"https:\/\/www.camadeira.com\/web\/wp-json\/wp\/v2\/media\/1234"}],"wp:attachment":[{"href":"https:\/\/www.camadeira.com\/web\/wp-json\/wp\/v2\/media?parent=1232"}],"wp:term":[{"taxonomy":"category","embeddable":true,"href":"https:\/\/www.camadeira.com\/web\/wp-json\/wp\/v2\/categories?post=1232"},{"taxonomy":"post_tag","embeddable":true,"href":"https:\/\/www.camadeira.com\/web\/wp-json\/wp\/v2\/tags?post=1232"}],"curies":[{"name":"wp","href":"https:\/\/api.w.org\/{rel}","templated":true}]}}