{"id":1383,"date":"2021-05-02T20:07:58","date_gmt":"2021-05-02T20:07:58","guid":{"rendered":"https:\/\/www.camadeira.com\/web\/?p=1383"},"modified":"2021-05-02T20:08:01","modified_gmt":"2021-05-02T20:08:01","slug":"americo-caldeira-e-catia-fiqueli-em-destaque-na-taca-de-portugal-de-skyrunning","status":"publish","type":"post","link":"https:\/\/www.camadeira.com\/web\/americo-caldeira-e-catia-fiqueli-em-destaque-na-taca-de-portugal-de-skyrunning\/","title":{"rendered":"Am\u00e9rico Caldeira e C\u00e1tia Fiqueli em destaque na Ta\u00e7a de Portugal de Skyrunning!"},"content":{"rendered":"\n<p><\/p>\n\n\n\n<figure class=\"wp-block-image size-large\"><img loading=\"lazy\" decoding=\"async\" width=\"989\" height=\"1030\" src=\"https:\/\/www.camadeira.com\/web\/wp-content\/uploads\/2021\/05\/Partida-ZUM-Vertical-Race-C\u00e1tia-e-Am\u00e9rico-1-989x1030.jpg\" alt=\"\" class=\"wp-image-1385\" srcset=\"https:\/\/www.camadeira.com\/web\/wp-content\/uploads\/2021\/05\/Partida-ZUM-Vertical-Race-C\u00e1tia-e-Am\u00e9rico-1-989x1030.jpg 989w, https:\/\/www.camadeira.com\/web\/wp-content\/uploads\/2021\/05\/Partida-ZUM-Vertical-Race-C\u00e1tia-e-Am\u00e9rico-1-288x300.jpg 288w, https:\/\/www.camadeira.com\/web\/wp-content\/uploads\/2021\/05\/Partida-ZUM-Vertical-Race-C\u00e1tia-e-Am\u00e9rico-1-768x800.jpg 768w, https:\/\/www.camadeira.com\/web\/wp-content\/uploads\/2021\/05\/Partida-ZUM-Vertical-Race-C\u00e1tia-e-Am\u00e9rico-1-696x725.jpg 696w, https:\/\/www.camadeira.com\/web\/wp-content\/uploads\/2021\/05\/Partida-ZUM-Vertical-Race-C\u00e1tia-e-Am\u00e9rico-1-403x420.jpg 403w, https:\/\/www.camadeira.com\/web\/wp-content\/uploads\/2021\/05\/Partida-ZUM-Vertical-Race-C\u00e1tia-e-Am\u00e9rico-1.jpg 1014w\" sizes=\"auto, (max-width: 989px) 100vw, 989px\" \/><figcaption>C\u00e1tia e Am\u00e9rico na Partida do ZUM Vertical Race<\/figcaption><\/figure>\n\n\n\n<p>Am\u00e9rico vence a Zela Skyrace 35km e foi 2.\u00ba no ZUM Vertical Race, C\u00e1tia Fiqueli conseguiu um excelente 2.\u00ba lugar da prova Vertical e a 5.\u00aa posi\u00e7\u00e3o na prova Skyrace 35Km.<br>A dupla de Skyrunners que representa o Clube Aventura da Madeira esteve nas provas de estreia da \u00e9poca 2021 de Skyrunning, que decorreram no Munic\u00edpio de Vouzela, a 1 e 2 de maio, conseguindo excelentes resultados.<br>No S\u00e1bado, 1 de maio, decorreu a primeira prova pontu\u00e1vel para a Ta\u00e7a de Portugal Vertical, com Am\u00e9rico e C\u00e1tia a terminarem na segunda posi\u00e7\u00e3o da geral. A prova decorreu numa extens\u00e3o de 3km com 700m D<br>Domingo, 2 de maio, decorreu a Zela Skyrace 35km e 2500m D+, prova pontu\u00e1vel para a Ta\u00e7a de Portugal Sky, com Am\u00e9rico Caldeira em grande destaque, vencendo com o tempo 4:45:43. C\u00e1tia Fiqueli nesta mesma dist\u00e2ncia classificou-se num honroso 5.\u00ba lugar, tendo gasto 6:37:32 para concluir a sua prova.<br>Informa\u00e7\u00f5es e resultadoshttps:\/\/stopandgo.com.pt\/events\/zela-ultra-marathon-20<\/p>\n\n\n\n<p>No pr\u00f3ximo dia 16 de maio, segue-se nova participa\u00e7\u00e3o na disciplina Skyrace, no evento Peninha Skyrace, que ir\u00e1 decorrer em Malveira da Serra.<\/p>\n","protected":false},"excerpt":{"rendered":"<p>Am\u00e9rico vence a Zela Skyrace 35km e foi 2.\u00ba no ZUM Vertical Race, C\u00e1tia Fiqueli conseguiu um excelente 2.\u00ba lugar da prova Vertical e a 5.\u00aa posi\u00e7\u00e3o na prova Skyrace [&hellip;]<\/p>\n","protected":false},"author":1,"featured_media":1386,"comment_status":"closed","ping_status":"closed","sticky":false,"template":"","format":"standard","meta":{"footnotes":""},"categories":[39],"tags":[],"class_list":["post-1383","post","type-post","status-publish","format-standard","has-post-thumbnail","category-skyrunning"],"yoast_head":"<!-- This site is optimized with the Yoast SEO plugin v26.7 - https:\/\/yoast.com\/wordpress\/plugins\/seo\/ -->\n<title>Am\u00e9rico Caldeira e C\u00e1tia Fiqueli em destaque na Ta\u00e7a de Portugal de Skyrunning! - Clube Aventura da Madeira<\/title>\n<meta name=\"robots\" content=\"index, follow, max-snippet:-1, max-image-preview:large, max-video-preview:-1\" \/>\n<link rel=\"canonical\" href=\"https:\/\/www.camadeira.com\/web\/americo-caldeira-e-catia-fiqueli-em-destaque-na-taca-de-portugal-de-skyrunning\/\" \/>\n<meta property=\"og:locale\" content=\"pt_PT\" \/>\n<meta property=\"og:type\" content=\"article\" \/>\n<meta property=\"og:title\" content=\"Am\u00e9rico Caldeira e C\u00e1tia Fiqueli em destaque na Ta\u00e7a de Portugal de Skyrunning! - Clube Aventura da Madeira\" \/>\n<meta property=\"og:description\" content=\"Am\u00e9rico vence a Zela Skyrace 35km e foi 2.\u00ba no ZUM Vertical Race, C\u00e1tia Fiqueli conseguiu um excelente 2.\u00ba lugar da prova Vertical e a 5.\u00aa posi\u00e7\u00e3o na prova Skyrace [&hellip;]\" \/>\n<meta property=\"og:url\" content=\"https:\/\/www.camadeira.com\/web\/americo-caldeira-e-catia-fiqueli-em-destaque-na-taca-de-portugal-de-skyrunning\/\" \/>\n<meta property=\"og:site_name\" content=\"Clube Aventura da Madeira\" \/>\n<meta property=\"article:publisher\" content=\"https:\/\/www.facebook.com\/CAMadeira\" \/>\n<meta property=\"article:published_time\" content=\"2021-05-02T20:07:58+00:00\" \/>\n<meta property=\"article:modified_time\" content=\"2021-05-02T20:08:01+00:00\" \/>\n<meta property=\"og:image\" content=\"https:\/\/www.camadeira.com\/web\/wp-content\/uploads\/2021\/05\/P\u00f3dio-Skyrace-35km-1.\u00ba-Am\u00e9rico-Caldeira.jpg\" \/>\n\t<meta property=\"og:image:width\" content=\"719\" \/>\n\t<meta property=\"og:image:height\" content=\"540\" \/>\n\t<meta property=\"og:image:type\" content=\"image\/jpeg\" \/>\n<meta name=\"author\" content=\"admin\" \/>\n<meta name=\"twitter:card\" content=\"summary_large_image\" \/>\n<meta name=\"twitter:label1\" content=\"Escrito por\" \/>\n\t<meta name=\"twitter:data1\" content=\"admin\" \/>\n\t<meta name=\"twitter:label2\" content=\"Tempo estimado de leitura\" \/>\n\t<meta name=\"twitter:data2\" content=\"1 minuto\" \/>\n<script type=\"application\/ld+json\" class=\"yoast-schema-graph\">{\"@context\":\"https:\/\/schema.org\",\"@graph\":[{\"@type\":\"Article\",\"@id\":\"https:\/\/www.camadeira.com\/web\/americo-caldeira-e-catia-fiqueli-em-destaque-na-taca-de-portugal-de-skyrunning\/#article\",\"isPartOf\":{\"@id\":\"https:\/\/www.camadeira.com\/web\/americo-caldeira-e-catia-fiqueli-em-destaque-na-taca-de-portugal-de-skyrunning\/\"},\"author\":{\"name\":\"admin\",\"@id\":\"https:\/\/www.camadeira.com\/web\/#\/schema\/person\/8903a677f0fa358bc7c1bce3ea676ac8\"},\"headline\":\"Am\u00e9rico Caldeira e C\u00e1tia Fiqueli em destaque na Ta\u00e7a de Portugal de Skyrunning!\",\"datePublished\":\"2021-05-02T20:07:58+00:00\",\"dateModified\":\"2021-05-02T20:08:01+00:00\",\"mainEntityOfPage\":{\"@id\":\"https:\/\/www.camadeira.com\/web\/americo-caldeira-e-catia-fiqueli-em-destaque-na-taca-de-portugal-de-skyrunning\/\"},\"wordCount\":217,\"publisher\":{\"@id\":\"https:\/\/www.camadeira.com\/web\/#organization\"},\"image\":{\"@id\":\"https:\/\/www.camadeira.com\/web\/americo-caldeira-e-catia-fiqueli-em-destaque-na-taca-de-portugal-de-skyrunning\/#primaryimage\"},\"thumbnailUrl\":\"https:\/\/www.camadeira.com\/web\/wp-content\/uploads\/2021\/05\/P\u00f3dio-Skyrace-35km-1.\u00ba-Am\u00e9rico-Caldeira.jpg\",\"articleSection\":[\"Skyrunning\"],\"inLanguage\":\"pt-PT\"},{\"@type\":\"WebPage\",\"@id\":\"https:\/\/www.camadeira.com\/web\/americo-caldeira-e-catia-fiqueli-em-destaque-na-taca-de-portugal-de-skyrunning\/\",\"url\":\"https:\/\/www.camadeira.com\/web\/americo-caldeira-e-catia-fiqueli-em-destaque-na-taca-de-portugal-de-skyrunning\/\",\"name\":\"Am\u00e9rico Caldeira e C\u00e1tia Fiqueli em destaque na Ta\u00e7a de Portugal de Skyrunning! - Clube Aventura da Madeira\",\"isPartOf\":{\"@id\":\"https:\/\/www.camadeira.com\/web\/#website\"},\"primaryImageOfPage\":{\"@id\":\"https:\/\/www.camadeira.com\/web\/americo-caldeira-e-catia-fiqueli-em-destaque-na-taca-de-portugal-de-skyrunning\/#primaryimage\"},\"image\":{\"@id\":\"https:\/\/www.camadeira.com\/web\/americo-caldeira-e-catia-fiqueli-em-destaque-na-taca-de-portugal-de-skyrunning\/#primaryimage\"},\"thumbnailUrl\":\"https:\/\/www.camadeira.com\/web\/wp-content\/uploads\/2021\/05\/P\u00f3dio-Skyrace-35km-1.\u00ba-Am\u00e9rico-Caldeira.jpg\",\"datePublished\":\"2021-05-02T20:07:58+00:00\",\"dateModified\":\"2021-05-02T20:08:01+00:00\",\"breadcrumb\":{\"@id\":\"https:\/\/www.camadeira.com\/web\/americo-caldeira-e-catia-fiqueli-em-destaque-na-taca-de-portugal-de-skyrunning\/#breadcrumb\"},\"inLanguage\":\"pt-PT\",\"potentialAction\":[{\"@type\":\"ReadAction\",\"target\":[\"https:\/\/www.camadeira.com\/web\/americo-caldeira-e-catia-fiqueli-em-destaque-na-taca-de-portugal-de-skyrunning\/\"]}]},{\"@type\":\"ImageObject\",\"inLanguage\":\"pt-PT\",\"@id\":\"https:\/\/www.camadeira.com\/web\/americo-caldeira-e-catia-fiqueli-em-destaque-na-taca-de-portugal-de-skyrunning\/#primaryimage\",\"url\":\"https:\/\/www.camadeira.com\/web\/wp-content\/uploads\/2021\/05\/P\u00f3dio-Skyrace-35km-1.\u00ba-Am\u00e9rico-Caldeira.jpg\",\"contentUrl\":\"https:\/\/www.camadeira.com\/web\/wp-content\/uploads\/2021\/05\/P\u00f3dio-Skyrace-35km-1.\u00ba-Am\u00e9rico-Caldeira.jpg\",\"width\":719,\"height\":540},{\"@type\":\"BreadcrumbList\",\"@id\":\"https:\/\/www.camadeira.com\/web\/americo-caldeira-e-catia-fiqueli-em-destaque-na-taca-de-portugal-de-skyrunning\/#breadcrumb\",\"itemListElement\":[{\"@type\":\"ListItem\",\"position\":1,\"name\":\"In\u00edcio\",\"item\":\"https:\/\/www.camadeira.com\/web\/\"},{\"@type\":\"ListItem\",\"position\":2,\"name\":\"Am\u00e9rico Caldeira e C\u00e1tia Fiqueli em destaque na Ta\u00e7a de Portugal de Skyrunning!\"}]},{\"@type\":\"WebSite\",\"@id\":\"https:\/\/www.camadeira.com\/web\/#website\",\"url\":\"https:\/\/www.camadeira.com\/web\/\",\"name\":\"Clube Aventura da Madeira\",\"description\":\"Clube Aventura da Madeira\",\"publisher\":{\"@id\":\"https:\/\/www.camadeira.com\/web\/#organization\"},\"potentialAction\":[{\"@type\":\"SearchAction\",\"target\":{\"@type\":\"EntryPoint\",\"urlTemplate\":\"https:\/\/www.camadeira.com\/web\/?s={search_term_string}\"},\"query-input\":{\"@type\":\"PropertyValueSpecification\",\"valueRequired\":true,\"valueName\":\"search_term_string\"}}],\"inLanguage\":\"pt-PT\"},{\"@type\":\"Organization\",\"@id\":\"https:\/\/www.camadeira.com\/web\/#organization\",\"name\":\"Clube Aventura da Madeira\",\"url\":\"https:\/\/www.camadeira.com\/web\/\",\"logo\":{\"@type\":\"ImageObject\",\"inLanguage\":\"pt-PT\",\"@id\":\"https:\/\/www.camadeira.com\/web\/#\/schema\/logo\/image\/\",\"url\":\"https:\/\/www.camadeira.com\/web\/wp-content\/uploads\/2017\/08\/logoCAMadeiraSite.png\",\"contentUrl\":\"https:\/\/www.camadeira.com\/web\/wp-content\/uploads\/2017\/08\/logoCAMadeiraSite.png\",\"width\":340,\"height\":156,\"caption\":\"Clube Aventura da Madeira\"},\"image\":{\"@id\":\"https:\/\/www.camadeira.com\/web\/#\/schema\/logo\/image\/\"},\"sameAs\":[\"https:\/\/www.facebook.com\/CAMadeira\"]},{\"@type\":\"Person\",\"@id\":\"https:\/\/www.camadeira.com\/web\/#\/schema\/person\/8903a677f0fa358bc7c1bce3ea676ac8\",\"name\":\"admin\",\"image\":{\"@type\":\"ImageObject\",\"inLanguage\":\"pt-PT\",\"@id\":\"https:\/\/www.camadeira.com\/web\/#\/schema\/person\/image\/\",\"url\":\"https:\/\/secure.gravatar.com\/avatar\/ade04a5bc31d350da38e6a2ded5f4d0dda4e44d1e847bc64b0de9708a879bbe6?s=96&d=mm&r=g\",\"contentUrl\":\"https:\/\/secure.gravatar.com\/avatar\/ade04a5bc31d350da38e6a2ded5f4d0dda4e44d1e847bc64b0de9708a879bbe6?s=96&d=mm&r=g\",\"caption\":\"admin\"},\"url\":\"https:\/\/www.camadeira.com\/web\/author\/admin\/\"}]}<\/script>\n<!-- \/ Yoast SEO plugin. -->","yoast_head_json":{"title":"Am\u00e9rico Caldeira e C\u00e1tia Fiqueli em destaque na Ta\u00e7a de Portugal de Skyrunning! - Clube Aventura da Madeira","robots":{"index":"index","follow":"follow","max-snippet":"max-snippet:-1","max-image-preview":"max-image-preview:large","max-video-preview":"max-video-preview:-1"},"canonical":"https:\/\/www.camadeira.com\/web\/americo-caldeira-e-catia-fiqueli-em-destaque-na-taca-de-portugal-de-skyrunning\/","og_locale":"pt_PT","og_type":"article","og_title":"Am\u00e9rico Caldeira e C\u00e1tia Fiqueli em destaque na Ta\u00e7a de Portugal de Skyrunning! - Clube Aventura da Madeira","og_description":"Am\u00e9rico vence a Zela Skyrace 35km e foi 2.\u00ba no ZUM Vertical Race, C\u00e1tia Fiqueli conseguiu um excelente 2.\u00ba lugar da prova Vertical e a 5.\u00aa posi\u00e7\u00e3o na prova Skyrace [&hellip;]","og_url":"https:\/\/www.camadeira.com\/web\/americo-caldeira-e-catia-fiqueli-em-destaque-na-taca-de-portugal-de-skyrunning\/","og_site_name":"Clube Aventura da Madeira","article_publisher":"https:\/\/www.facebook.com\/CAMadeira","article_published_time":"2021-05-02T20:07:58+00:00","article_modified_time":"2021-05-02T20:08:01+00:00","og_image":[{"width":719,"height":540,"url":"https:\/\/www.camadeira.com\/web\/wp-content\/uploads\/2021\/05\/P\u00f3dio-Skyrace-35km-1.\u00ba-Am\u00e9rico-Caldeira.jpg","type":"image\/jpeg"}],"author":"admin","twitter_card":"summary_large_image","twitter_misc":{"Escrito por":"admin","Tempo estimado de leitura":"1 minuto"},"schema":{"@context":"https:\/\/schema.org","@graph":[{"@type":"Article","@id":"https:\/\/www.camadeira.com\/web\/americo-caldeira-e-catia-fiqueli-em-destaque-na-taca-de-portugal-de-skyrunning\/#article","isPartOf":{"@id":"https:\/\/www.camadeira.com\/web\/americo-caldeira-e-catia-fiqueli-em-destaque-na-taca-de-portugal-de-skyrunning\/"},"author":{"name":"admin","@id":"https:\/\/www.camadeira.com\/web\/#\/schema\/person\/8903a677f0fa358bc7c1bce3ea676ac8"},"headline":"Am\u00e9rico Caldeira e C\u00e1tia Fiqueli em destaque na Ta\u00e7a de Portugal de Skyrunning!","datePublished":"2021-05-02T20:07:58+00:00","dateModified":"2021-05-02T20:08:01+00:00","mainEntityOfPage":{"@id":"https:\/\/www.camadeira.com\/web\/americo-caldeira-e-catia-fiqueli-em-destaque-na-taca-de-portugal-de-skyrunning\/"},"wordCount":217,"publisher":{"@id":"https:\/\/www.camadeira.com\/web\/#organization"},"image":{"@id":"https:\/\/www.camadeira.com\/web\/americo-caldeira-e-catia-fiqueli-em-destaque-na-taca-de-portugal-de-skyrunning\/#primaryimage"},"thumbnailUrl":"https:\/\/www.camadeira.com\/web\/wp-content\/uploads\/2021\/05\/P\u00f3dio-Skyrace-35km-1.\u00ba-Am\u00e9rico-Caldeira.jpg","articleSection":["Skyrunning"],"inLanguage":"pt-PT"},{"@type":"WebPage","@id":"https:\/\/www.camadeira.com\/web\/americo-caldeira-e-catia-fiqueli-em-destaque-na-taca-de-portugal-de-skyrunning\/","url":"https:\/\/www.camadeira.com\/web\/americo-caldeira-e-catia-fiqueli-em-destaque-na-taca-de-portugal-de-skyrunning\/","name":"Am\u00e9rico Caldeira e C\u00e1tia Fiqueli em destaque na Ta\u00e7a de Portugal de Skyrunning! - Clube Aventura da Madeira","isPartOf":{"@id":"https:\/\/www.camadeira.com\/web\/#website"},"primaryImageOfPage":{"@id":"https:\/\/www.camadeira.com\/web\/americo-caldeira-e-catia-fiqueli-em-destaque-na-taca-de-portugal-de-skyrunning\/#primaryimage"},"image":{"@id":"https:\/\/www.camadeira.com\/web\/americo-caldeira-e-catia-fiqueli-em-destaque-na-taca-de-portugal-de-skyrunning\/#primaryimage"},"thumbnailUrl":"https:\/\/www.camadeira.com\/web\/wp-content\/uploads\/2021\/05\/P\u00f3dio-Skyrace-35km-1.\u00ba-Am\u00e9rico-Caldeira.jpg","datePublished":"2021-05-02T20:07:58+00:00","dateModified":"2021-05-02T20:08:01+00:00","breadcrumb":{"@id":"https:\/\/www.camadeira.com\/web\/americo-caldeira-e-catia-fiqueli-em-destaque-na-taca-de-portugal-de-skyrunning\/#breadcrumb"},"inLanguage":"pt-PT","potentialAction":[{"@type":"ReadAction","target":["https:\/\/www.camadeira.com\/web\/americo-caldeira-e-catia-fiqueli-em-destaque-na-taca-de-portugal-de-skyrunning\/"]}]},{"@type":"ImageObject","inLanguage":"pt-PT","@id":"https:\/\/www.camadeira.com\/web\/americo-caldeira-e-catia-fiqueli-em-destaque-na-taca-de-portugal-de-skyrunning\/#primaryimage","url":"https:\/\/www.camadeira.com\/web\/wp-content\/uploads\/2021\/05\/P\u00f3dio-Skyrace-35km-1.\u00ba-Am\u00e9rico-Caldeira.jpg","contentUrl":"https:\/\/www.camadeira.com\/web\/wp-content\/uploads\/2021\/05\/P\u00f3dio-Skyrace-35km-1.\u00ba-Am\u00e9rico-Caldeira.jpg","width":719,"height":540},{"@type":"BreadcrumbList","@id":"https:\/\/www.camadeira.com\/web\/americo-caldeira-e-catia-fiqueli-em-destaque-na-taca-de-portugal-de-skyrunning\/#breadcrumb","itemListElement":[{"@type":"ListItem","position":1,"name":"In\u00edcio","item":"https:\/\/www.camadeira.com\/web\/"},{"@type":"ListItem","position":2,"name":"Am\u00e9rico Caldeira e C\u00e1tia Fiqueli em destaque na Ta\u00e7a de Portugal de Skyrunning!"}]},{"@type":"WebSite","@id":"https:\/\/www.camadeira.com\/web\/#website","url":"https:\/\/www.camadeira.com\/web\/","name":"Clube Aventura da Madeira","description":"Clube Aventura da Madeira","publisher":{"@id":"https:\/\/www.camadeira.com\/web\/#organization"},"potentialAction":[{"@type":"SearchAction","target":{"@type":"EntryPoint","urlTemplate":"https:\/\/www.camadeira.com\/web\/?s={search_term_string}"},"query-input":{"@type":"PropertyValueSpecification","valueRequired":true,"valueName":"search_term_string"}}],"inLanguage":"pt-PT"},{"@type":"Organization","@id":"https:\/\/www.camadeira.com\/web\/#organization","name":"Clube Aventura da Madeira","url":"https:\/\/www.camadeira.com\/web\/","logo":{"@type":"ImageObject","inLanguage":"pt-PT","@id":"https:\/\/www.camadeira.com\/web\/#\/schema\/logo\/image\/","url":"https:\/\/www.camadeira.com\/web\/wp-content\/uploads\/2017\/08\/logoCAMadeiraSite.png","contentUrl":"https:\/\/www.camadeira.com\/web\/wp-content\/uploads\/2017\/08\/logoCAMadeiraSite.png","width":340,"height":156,"caption":"Clube Aventura da Madeira"},"image":{"@id":"https:\/\/www.camadeira.com\/web\/#\/schema\/logo\/image\/"},"sameAs":["https:\/\/www.facebook.com\/CAMadeira"]},{"@type":"Person","@id":"https:\/\/www.camadeira.com\/web\/#\/schema\/person\/8903a677f0fa358bc7c1bce3ea676ac8","name":"admin","image":{"@type":"ImageObject","inLanguage":"pt-PT","@id":"https:\/\/www.camadeira.com\/web\/#\/schema\/person\/image\/","url":"https:\/\/secure.gravatar.com\/avatar\/ade04a5bc31d350da38e6a2ded5f4d0dda4e44d1e847bc64b0de9708a879bbe6?s=96&d=mm&r=g","contentUrl":"https:\/\/secure.gravatar.com\/avatar\/ade04a5bc31d350da38e6a2ded5f4d0dda4e44d1e847bc64b0de9708a879bbe6?s=96&d=mm&r=g","caption":"admin"},"url":"https:\/\/www.camadeira.com\/web\/author\/admin\/"}]}},"_links":{"self":[{"href":"https:\/\/www.camadeira.com\/web\/wp-json\/wp\/v2\/posts\/1383","targetHints":{"allow":["GET"]}}],"collection":[{"href":"https:\/\/www.camadeira.com\/web\/wp-json\/wp\/v2\/posts"}],"about":[{"href":"https:\/\/www.camadeira.com\/web\/wp-json\/wp\/v2\/types\/post"}],"author":[{"embeddable":true,"href":"https:\/\/www.camadeira.com\/web\/wp-json\/wp\/v2\/users\/1"}],"replies":[{"embeddable":true,"href":"https:\/\/www.camadeira.com\/web\/wp-json\/wp\/v2\/comments?post=1383"}],"version-history":[{"count":1,"href":"https:\/\/www.camadeira.com\/web\/wp-json\/wp\/v2\/posts\/1383\/revisions"}],"predecessor-version":[{"id":1387,"href":"https:\/\/www.camadeira.com\/web\/wp-json\/wp\/v2\/posts\/1383\/revisions\/1387"}],"wp:featuredmedia":[{"embeddable":true,"href":"https:\/\/www.camadeira.com\/web\/wp-json\/wp\/v2\/media\/1386"}],"wp:attachment":[{"href":"https:\/\/www.camadeira.com\/web\/wp-json\/wp\/v2\/media?parent=1383"}],"wp:term":[{"taxonomy":"category","embeddable":true,"href":"https:\/\/www.camadeira.com\/web\/wp-json\/wp\/v2\/categories?post=1383"},{"taxonomy":"post_tag","embeddable":true,"href":"https:\/\/www.camadeira.com\/web\/wp-json\/wp\/v2\/tags?post=1383"}],"curies":[{"name":"wp","href":"https:\/\/api.w.org\/{rel}","templated":true}]}}