{"id":1396,"date":"2021-05-17T10:30:10","date_gmt":"2021-05-17T10:30:10","guid":{"rendered":"https:\/\/www.camadeira.com\/web\/?p=1396"},"modified":"2021-05-17T11:34:38","modified_gmt":"2021-05-17T11:34:38","slug":"skyrunners-do-clube-aventura-da-madeira-alcancam-podios-na-peninha-sky-race-16-maio-2021","status":"publish","type":"post","link":"https:\/\/www.camadeira.com\/web\/skyrunners-do-clube-aventura-da-madeira-alcancam-podios-na-peninha-sky-race-16-maio-2021\/","title":{"rendered":"Skyrunners do Clube Aventura da Madeira alcan\u00e7am p\u00f3dios na &#8220;Peninha Sky Race&#8221; &#8211; 16 maio 2021"},"content":{"rendered":"<p><img loading=\"lazy\" decoding=\"async\" class=\"aligncenter size-full wp-image-1398\" src=\"https:\/\/www.camadeira.com\/web\/wp-content\/uploads\/2021\/05\/AMERICO-DR1.jpg\" alt=\"\" width=\"1944\" height=\"1296\" srcset=\"https:\/\/www.camadeira.com\/web\/wp-content\/uploads\/2021\/05\/AMERICO-DR1.jpg 1944w, https:\/\/www.camadeira.com\/web\/wp-content\/uploads\/2021\/05\/AMERICO-DR1-300x200.jpg 300w, https:\/\/www.camadeira.com\/web\/wp-content\/uploads\/2021\/05\/AMERICO-DR1-1030x687.jpg 1030w, https:\/\/www.camadeira.com\/web\/wp-content\/uploads\/2021\/05\/AMERICO-DR1-768x512.jpg 768w, https:\/\/www.camadeira.com\/web\/wp-content\/uploads\/2021\/05\/AMERICO-DR1-1536x1024.jpg 1536w, https:\/\/www.camadeira.com\/web\/wp-content\/uploads\/2021\/05\/AMERICO-DR1-696x464.jpg 696w, https:\/\/www.camadeira.com\/web\/wp-content\/uploads\/2021\/05\/AMERICO-DR1-1068x712.jpg 1068w, https:\/\/www.camadeira.com\/web\/wp-content\/uploads\/2021\/05\/AMERICO-DR1-630x420.jpg 630w\" sizes=\"auto, (max-width: 1944px) 100vw, 1944px\" \/><img loading=\"lazy\" decoding=\"async\" class=\"size-full wp-image-1397\" src=\"https:\/\/www.camadeira.com\/web\/wp-content\/uploads\/2021\/05\/Catia-Fiquelij--scaled.jpg\" alt=\"\" width=\"1951\" height=\"2560\" srcset=\"https:\/\/www.camadeira.com\/web\/wp-content\/uploads\/2021\/05\/Catia-Fiquelij--scaled.jpg 1951w, https:\/\/www.camadeira.com\/web\/wp-content\/uploads\/2021\/05\/Catia-Fiquelij--229x300.jpg 229w, https:\/\/www.camadeira.com\/web\/wp-content\/uploads\/2021\/05\/Catia-Fiquelij--785x1030.jpg 785w, https:\/\/www.camadeira.com\/web\/wp-content\/uploads\/2021\/05\/Catia-Fiquelij--768x1008.jpg 768w, https:\/\/www.camadeira.com\/web\/wp-content\/uploads\/2021\/05\/Catia-Fiquelij--1171x1536.jpg 1171w, https:\/\/www.camadeira.com\/web\/wp-content\/uploads\/2021\/05\/Catia-Fiquelij--1561x2048.jpg 1561w, https:\/\/www.camadeira.com\/web\/wp-content\/uploads\/2021\/05\/Catia-Fiquelij--696x913.jpg 696w, https:\/\/www.camadeira.com\/web\/wp-content\/uploads\/2021\/05\/Catia-Fiquelij--1068x1401.jpg 1068w, https:\/\/www.camadeira.com\/web\/wp-content\/uploads\/2021\/05\/Catia-Fiquelij--320x420.jpg 320w\" sizes=\"auto, (max-width: 1951px) 100vw, 1951px\" \/><\/p>\n<p>C\u00e1tia Fiqueli e Am\u00e9rico Caldeira em destaque&nbsp; em mais uma excelente&nbsp;participa\u00e7\u00e3o na Ta\u00e7a de Portugal de Sky, na prova Peninha Sky Race, que decorreu hoje, 16 de maio de 2021.<\/p>\n<p>A prova com 27 km e 1800m D+ decorreu em Malveira da Serra, Sintra, tendo C\u00e1tia Fiqueli obtido a segunda posi\u00e7\u00e3o da classifica\u00e7\u00e3o geral feminina, com tempo de 2:49:07. Am\u00e9rico Caldeira foi 6.\u00ba classificado numa prova muito disputada, fez o tempo 2:05:45, mais 2:59 que o vencedor.<\/p>\n<p>Ambos os atletas representam o Clube Aventura da Madeira na modalidade Skyrunning e prosseguem a sua participa\u00e7\u00e3o na Ta\u00e7a de Portugal Sky, no evento Arada Sky Race, previsto para 10 de junho de 2021.<\/p>\n","protected":false},"excerpt":{"rendered":"<p>C\u00e1tia Fiqueli e Am\u00e9rico Caldeira em destaque&nbsp; em mais uma excelente&nbsp;participa\u00e7\u00e3o na Ta\u00e7a de Portugal de Sky, na prova Peninha Sky Race, que decorreu hoje, 16 de maio de 2021. [&hellip;]<\/p>\n","protected":false},"author":1,"featured_media":1407,"comment_status":"closed","ping_status":"closed","sticky":false,"template":"","format":"standard","meta":{"footnotes":""},"categories":[36,39],"tags":[],"class_list":["post-1396","post","type-post","status-publish","format-standard","has-post-thumbnail","category-destaques","category-skyrunning"],"yoast_head":"<!-- This site is optimized with the Yoast SEO plugin v26.7 - https:\/\/yoast.com\/wordpress\/plugins\/seo\/ -->\n<title>Skyrunners do Clube Aventura da Madeira alcan\u00e7am p\u00f3dios na &quot;Peninha Sky Race&quot; - 16 maio 2021 - Clube Aventura da Madeira<\/title>\n<meta name=\"robots\" content=\"index, follow, max-snippet:-1, max-image-preview:large, max-video-preview:-1\" \/>\n<link rel=\"canonical\" href=\"https:\/\/www.camadeira.com\/web\/skyrunners-do-clube-aventura-da-madeira-alcancam-podios-na-peninha-sky-race-16-maio-2021\/\" \/>\n<meta property=\"og:locale\" content=\"pt_PT\" \/>\n<meta property=\"og:type\" content=\"article\" \/>\n<meta property=\"og:title\" content=\"Skyrunners do Clube Aventura da Madeira alcan\u00e7am p\u00f3dios na &quot;Peninha Sky Race&quot; - 16 maio 2021 - Clube Aventura da Madeira\" \/>\n<meta property=\"og:description\" content=\"C\u00e1tia Fiqueli e Am\u00e9rico Caldeira em destaque&nbsp; em mais uma excelente&nbsp;participa\u00e7\u00e3o na Ta\u00e7a de Portugal de Sky, na prova Peninha Sky Race, que decorreu hoje, 16 de maio de 2021. [&hellip;]\" \/>\n<meta property=\"og:url\" content=\"https:\/\/www.camadeira.com\/web\/skyrunners-do-clube-aventura-da-madeira-alcancam-podios-na-peninha-sky-race-16-maio-2021\/\" \/>\n<meta property=\"og:site_name\" content=\"Clube Aventura da Madeira\" \/>\n<meta property=\"article:publisher\" content=\"https:\/\/www.facebook.com\/CAMadeira\" \/>\n<meta property=\"article:published_time\" content=\"2021-05-17T10:30:10+00:00\" \/>\n<meta property=\"article:modified_time\" content=\"2021-05-17T11:34:38+00:00\" \/>\n<meta property=\"og:image\" content=\"https:\/\/www.camadeira.com\/web\/wp-content\/uploads\/2021\/05\/Catia-Fiqueli-b-.jpg\" \/>\n\t<meta property=\"og:image:width\" content=\"2158\" \/>\n\t<meta property=\"og:image:height\" content=\"1769\" \/>\n\t<meta property=\"og:image:type\" content=\"image\/jpeg\" \/>\n<meta name=\"author\" content=\"admin\" \/>\n<meta name=\"twitter:card\" content=\"summary_large_image\" \/>\n<meta name=\"twitter:label1\" content=\"Escrito por\" \/>\n\t<meta name=\"twitter:data1\" content=\"admin\" \/>\n\t<meta name=\"twitter:label2\" content=\"Tempo estimado de leitura\" \/>\n\t<meta name=\"twitter:data2\" content=\"1 minuto\" \/>\n<script type=\"application\/ld+json\" class=\"yoast-schema-graph\">{\"@context\":\"https:\/\/schema.org\",\"@graph\":[{\"@type\":\"Article\",\"@id\":\"https:\/\/www.camadeira.com\/web\/skyrunners-do-clube-aventura-da-madeira-alcancam-podios-na-peninha-sky-race-16-maio-2021\/#article\",\"isPartOf\":{\"@id\":\"https:\/\/www.camadeira.com\/web\/skyrunners-do-clube-aventura-da-madeira-alcancam-podios-na-peninha-sky-race-16-maio-2021\/\"},\"author\":{\"name\":\"admin\",\"@id\":\"https:\/\/www.camadeira.com\/web\/#\/schema\/person\/8903a677f0fa358bc7c1bce3ea676ac8\"},\"headline\":\"Skyrunners do Clube Aventura da Madeira alcan\u00e7am p\u00f3dios na &#8220;Peninha Sky Race&#8221; &#8211; 16 maio 2021\",\"datePublished\":\"2021-05-17T10:30:10+00:00\",\"dateModified\":\"2021-05-17T11:34:38+00:00\",\"mainEntityOfPage\":{\"@id\":\"https:\/\/www.camadeira.com\/web\/skyrunners-do-clube-aventura-da-madeira-alcancam-podios-na-peninha-sky-race-16-maio-2021\/\"},\"wordCount\":131,\"publisher\":{\"@id\":\"https:\/\/www.camadeira.com\/web\/#organization\"},\"image\":{\"@id\":\"https:\/\/www.camadeira.com\/web\/skyrunners-do-clube-aventura-da-madeira-alcancam-podios-na-peninha-sky-race-16-maio-2021\/#primaryimage\"},\"thumbnailUrl\":\"https:\/\/www.camadeira.com\/web\/wp-content\/uploads\/2021\/05\/Catia-Fiqueli-b-.jpg\",\"articleSection\":[\"Destaques\",\"Skyrunning\"],\"inLanguage\":\"pt-PT\"},{\"@type\":\"WebPage\",\"@id\":\"https:\/\/www.camadeira.com\/web\/skyrunners-do-clube-aventura-da-madeira-alcancam-podios-na-peninha-sky-race-16-maio-2021\/\",\"url\":\"https:\/\/www.camadeira.com\/web\/skyrunners-do-clube-aventura-da-madeira-alcancam-podios-na-peninha-sky-race-16-maio-2021\/\",\"name\":\"Skyrunners do Clube Aventura da Madeira alcan\u00e7am p\u00f3dios na \\\"Peninha Sky Race\\\" - 16 maio 2021 - Clube Aventura da Madeira\",\"isPartOf\":{\"@id\":\"https:\/\/www.camadeira.com\/web\/#website\"},\"primaryImageOfPage\":{\"@id\":\"https:\/\/www.camadeira.com\/web\/skyrunners-do-clube-aventura-da-madeira-alcancam-podios-na-peninha-sky-race-16-maio-2021\/#primaryimage\"},\"image\":{\"@id\":\"https:\/\/www.camadeira.com\/web\/skyrunners-do-clube-aventura-da-madeira-alcancam-podios-na-peninha-sky-race-16-maio-2021\/#primaryimage\"},\"thumbnailUrl\":\"https:\/\/www.camadeira.com\/web\/wp-content\/uploads\/2021\/05\/Catia-Fiqueli-b-.jpg\",\"datePublished\":\"2021-05-17T10:30:10+00:00\",\"dateModified\":\"2021-05-17T11:34:38+00:00\",\"breadcrumb\":{\"@id\":\"https:\/\/www.camadeira.com\/web\/skyrunners-do-clube-aventura-da-madeira-alcancam-podios-na-peninha-sky-race-16-maio-2021\/#breadcrumb\"},\"inLanguage\":\"pt-PT\",\"potentialAction\":[{\"@type\":\"ReadAction\",\"target\":[\"https:\/\/www.camadeira.com\/web\/skyrunners-do-clube-aventura-da-madeira-alcancam-podios-na-peninha-sky-race-16-maio-2021\/\"]}]},{\"@type\":\"ImageObject\",\"inLanguage\":\"pt-PT\",\"@id\":\"https:\/\/www.camadeira.com\/web\/skyrunners-do-clube-aventura-da-madeira-alcancam-podios-na-peninha-sky-race-16-maio-2021\/#primaryimage\",\"url\":\"https:\/\/www.camadeira.com\/web\/wp-content\/uploads\/2021\/05\/Catia-Fiqueli-b-.jpg\",\"contentUrl\":\"https:\/\/www.camadeira.com\/web\/wp-content\/uploads\/2021\/05\/Catia-Fiqueli-b-.jpg\",\"width\":2158,\"height\":1769,\"caption\":\"Exif_JPEG_420\"},{\"@type\":\"BreadcrumbList\",\"@id\":\"https:\/\/www.camadeira.com\/web\/skyrunners-do-clube-aventura-da-madeira-alcancam-podios-na-peninha-sky-race-16-maio-2021\/#breadcrumb\",\"itemListElement\":[{\"@type\":\"ListItem\",\"position\":1,\"name\":\"In\u00edcio\",\"item\":\"https:\/\/www.camadeira.com\/web\/\"},{\"@type\":\"ListItem\",\"position\":2,\"name\":\"Skyrunners do Clube Aventura da Madeira alcan\u00e7am p\u00f3dios na &#8220;Peninha Sky Race&#8221; &#8211; 16 maio 2021\"}]},{\"@type\":\"WebSite\",\"@id\":\"https:\/\/www.camadeira.com\/web\/#website\",\"url\":\"https:\/\/www.camadeira.com\/web\/\",\"name\":\"Clube Aventura da Madeira\",\"description\":\"Clube Aventura da Madeira\",\"publisher\":{\"@id\":\"https:\/\/www.camadeira.com\/web\/#organization\"},\"potentialAction\":[{\"@type\":\"SearchAction\",\"target\":{\"@type\":\"EntryPoint\",\"urlTemplate\":\"https:\/\/www.camadeira.com\/web\/?s={search_term_string}\"},\"query-input\":{\"@type\":\"PropertyValueSpecification\",\"valueRequired\":true,\"valueName\":\"search_term_string\"}}],\"inLanguage\":\"pt-PT\"},{\"@type\":\"Organization\",\"@id\":\"https:\/\/www.camadeira.com\/web\/#organization\",\"name\":\"Clube Aventura da Madeira\",\"url\":\"https:\/\/www.camadeira.com\/web\/\",\"logo\":{\"@type\":\"ImageObject\",\"inLanguage\":\"pt-PT\",\"@id\":\"https:\/\/www.camadeira.com\/web\/#\/schema\/logo\/image\/\",\"url\":\"https:\/\/www.camadeira.com\/web\/wp-content\/uploads\/2017\/08\/logoCAMadeiraSite.png\",\"contentUrl\":\"https:\/\/www.camadeira.com\/web\/wp-content\/uploads\/2017\/08\/logoCAMadeiraSite.png\",\"width\":340,\"height\":156,\"caption\":\"Clube Aventura da Madeira\"},\"image\":{\"@id\":\"https:\/\/www.camadeira.com\/web\/#\/schema\/logo\/image\/\"},\"sameAs\":[\"https:\/\/www.facebook.com\/CAMadeira\"]},{\"@type\":\"Person\",\"@id\":\"https:\/\/www.camadeira.com\/web\/#\/schema\/person\/8903a677f0fa358bc7c1bce3ea676ac8\",\"name\":\"admin\",\"image\":{\"@type\":\"ImageObject\",\"inLanguage\":\"pt-PT\",\"@id\":\"https:\/\/www.camadeira.com\/web\/#\/schema\/person\/image\/\",\"url\":\"https:\/\/secure.gravatar.com\/avatar\/ade04a5bc31d350da38e6a2ded5f4d0dda4e44d1e847bc64b0de9708a879bbe6?s=96&d=mm&r=g\",\"contentUrl\":\"https:\/\/secure.gravatar.com\/avatar\/ade04a5bc31d350da38e6a2ded5f4d0dda4e44d1e847bc64b0de9708a879bbe6?s=96&d=mm&r=g\",\"caption\":\"admin\"},\"url\":\"https:\/\/www.camadeira.com\/web\/author\/admin\/\"}]}<\/script>\n<!-- \/ Yoast SEO plugin. -->","yoast_head_json":{"title":"Skyrunners do Clube Aventura da Madeira alcan\u00e7am p\u00f3dios na \"Peninha Sky Race\" - 16 maio 2021 - Clube Aventura da Madeira","robots":{"index":"index","follow":"follow","max-snippet":"max-snippet:-1","max-image-preview":"max-image-preview:large","max-video-preview":"max-video-preview:-1"},"canonical":"https:\/\/www.camadeira.com\/web\/skyrunners-do-clube-aventura-da-madeira-alcancam-podios-na-peninha-sky-race-16-maio-2021\/","og_locale":"pt_PT","og_type":"article","og_title":"Skyrunners do Clube Aventura da Madeira alcan\u00e7am p\u00f3dios na \"Peninha Sky Race\" - 16 maio 2021 - Clube Aventura da Madeira","og_description":"C\u00e1tia Fiqueli e Am\u00e9rico Caldeira em destaque&nbsp; em mais uma excelente&nbsp;participa\u00e7\u00e3o na Ta\u00e7a de Portugal de Sky, na prova Peninha Sky Race, que decorreu hoje, 16 de maio de 2021. [&hellip;]","og_url":"https:\/\/www.camadeira.com\/web\/skyrunners-do-clube-aventura-da-madeira-alcancam-podios-na-peninha-sky-race-16-maio-2021\/","og_site_name":"Clube Aventura da Madeira","article_publisher":"https:\/\/www.facebook.com\/CAMadeira","article_published_time":"2021-05-17T10:30:10+00:00","article_modified_time":"2021-05-17T11:34:38+00:00","og_image":[{"width":2158,"height":1769,"url":"https:\/\/www.camadeira.com\/web\/wp-content\/uploads\/2021\/05\/Catia-Fiqueli-b-.jpg","type":"image\/jpeg"}],"author":"admin","twitter_card":"summary_large_image","twitter_misc":{"Escrito por":"admin","Tempo estimado de leitura":"1 minuto"},"schema":{"@context":"https:\/\/schema.org","@graph":[{"@type":"Article","@id":"https:\/\/www.camadeira.com\/web\/skyrunners-do-clube-aventura-da-madeira-alcancam-podios-na-peninha-sky-race-16-maio-2021\/#article","isPartOf":{"@id":"https:\/\/www.camadeira.com\/web\/skyrunners-do-clube-aventura-da-madeira-alcancam-podios-na-peninha-sky-race-16-maio-2021\/"},"author":{"name":"admin","@id":"https:\/\/www.camadeira.com\/web\/#\/schema\/person\/8903a677f0fa358bc7c1bce3ea676ac8"},"headline":"Skyrunners do Clube Aventura da Madeira alcan\u00e7am p\u00f3dios na &#8220;Peninha Sky Race&#8221; &#8211; 16 maio 2021","datePublished":"2021-05-17T10:30:10+00:00","dateModified":"2021-05-17T11:34:38+00:00","mainEntityOfPage":{"@id":"https:\/\/www.camadeira.com\/web\/skyrunners-do-clube-aventura-da-madeira-alcancam-podios-na-peninha-sky-race-16-maio-2021\/"},"wordCount":131,"publisher":{"@id":"https:\/\/www.camadeira.com\/web\/#organization"},"image":{"@id":"https:\/\/www.camadeira.com\/web\/skyrunners-do-clube-aventura-da-madeira-alcancam-podios-na-peninha-sky-race-16-maio-2021\/#primaryimage"},"thumbnailUrl":"https:\/\/www.camadeira.com\/web\/wp-content\/uploads\/2021\/05\/Catia-Fiqueli-b-.jpg","articleSection":["Destaques","Skyrunning"],"inLanguage":"pt-PT"},{"@type":"WebPage","@id":"https:\/\/www.camadeira.com\/web\/skyrunners-do-clube-aventura-da-madeira-alcancam-podios-na-peninha-sky-race-16-maio-2021\/","url":"https:\/\/www.camadeira.com\/web\/skyrunners-do-clube-aventura-da-madeira-alcancam-podios-na-peninha-sky-race-16-maio-2021\/","name":"Skyrunners do Clube Aventura da Madeira alcan\u00e7am p\u00f3dios na \"Peninha Sky Race\" - 16 maio 2021 - Clube Aventura da Madeira","isPartOf":{"@id":"https:\/\/www.camadeira.com\/web\/#website"},"primaryImageOfPage":{"@id":"https:\/\/www.camadeira.com\/web\/skyrunners-do-clube-aventura-da-madeira-alcancam-podios-na-peninha-sky-race-16-maio-2021\/#primaryimage"},"image":{"@id":"https:\/\/www.camadeira.com\/web\/skyrunners-do-clube-aventura-da-madeira-alcancam-podios-na-peninha-sky-race-16-maio-2021\/#primaryimage"},"thumbnailUrl":"https:\/\/www.camadeira.com\/web\/wp-content\/uploads\/2021\/05\/Catia-Fiqueli-b-.jpg","datePublished":"2021-05-17T10:30:10+00:00","dateModified":"2021-05-17T11:34:38+00:00","breadcrumb":{"@id":"https:\/\/www.camadeira.com\/web\/skyrunners-do-clube-aventura-da-madeira-alcancam-podios-na-peninha-sky-race-16-maio-2021\/#breadcrumb"},"inLanguage":"pt-PT","potentialAction":[{"@type":"ReadAction","target":["https:\/\/www.camadeira.com\/web\/skyrunners-do-clube-aventura-da-madeira-alcancam-podios-na-peninha-sky-race-16-maio-2021\/"]}]},{"@type":"ImageObject","inLanguage":"pt-PT","@id":"https:\/\/www.camadeira.com\/web\/skyrunners-do-clube-aventura-da-madeira-alcancam-podios-na-peninha-sky-race-16-maio-2021\/#primaryimage","url":"https:\/\/www.camadeira.com\/web\/wp-content\/uploads\/2021\/05\/Catia-Fiqueli-b-.jpg","contentUrl":"https:\/\/www.camadeira.com\/web\/wp-content\/uploads\/2021\/05\/Catia-Fiqueli-b-.jpg","width":2158,"height":1769,"caption":"Exif_JPEG_420"},{"@type":"BreadcrumbList","@id":"https:\/\/www.camadeira.com\/web\/skyrunners-do-clube-aventura-da-madeira-alcancam-podios-na-peninha-sky-race-16-maio-2021\/#breadcrumb","itemListElement":[{"@type":"ListItem","position":1,"name":"In\u00edcio","item":"https:\/\/www.camadeira.com\/web\/"},{"@type":"ListItem","position":2,"name":"Skyrunners do Clube Aventura da Madeira alcan\u00e7am p\u00f3dios na &#8220;Peninha Sky Race&#8221; &#8211; 16 maio 2021"}]},{"@type":"WebSite","@id":"https:\/\/www.camadeira.com\/web\/#website","url":"https:\/\/www.camadeira.com\/web\/","name":"Clube Aventura da Madeira","description":"Clube Aventura da Madeira","publisher":{"@id":"https:\/\/www.camadeira.com\/web\/#organization"},"potentialAction":[{"@type":"SearchAction","target":{"@type":"EntryPoint","urlTemplate":"https:\/\/www.camadeira.com\/web\/?s={search_term_string}"},"query-input":{"@type":"PropertyValueSpecification","valueRequired":true,"valueName":"search_term_string"}}],"inLanguage":"pt-PT"},{"@type":"Organization","@id":"https:\/\/www.camadeira.com\/web\/#organization","name":"Clube Aventura da Madeira","url":"https:\/\/www.camadeira.com\/web\/","logo":{"@type":"ImageObject","inLanguage":"pt-PT","@id":"https:\/\/www.camadeira.com\/web\/#\/schema\/logo\/image\/","url":"https:\/\/www.camadeira.com\/web\/wp-content\/uploads\/2017\/08\/logoCAMadeiraSite.png","contentUrl":"https:\/\/www.camadeira.com\/web\/wp-content\/uploads\/2017\/08\/logoCAMadeiraSite.png","width":340,"height":156,"caption":"Clube Aventura da Madeira"},"image":{"@id":"https:\/\/www.camadeira.com\/web\/#\/schema\/logo\/image\/"},"sameAs":["https:\/\/www.facebook.com\/CAMadeira"]},{"@type":"Person","@id":"https:\/\/www.camadeira.com\/web\/#\/schema\/person\/8903a677f0fa358bc7c1bce3ea676ac8","name":"admin","image":{"@type":"ImageObject","inLanguage":"pt-PT","@id":"https:\/\/www.camadeira.com\/web\/#\/schema\/person\/image\/","url":"https:\/\/secure.gravatar.com\/avatar\/ade04a5bc31d350da38e6a2ded5f4d0dda4e44d1e847bc64b0de9708a879bbe6?s=96&d=mm&r=g","contentUrl":"https:\/\/secure.gravatar.com\/avatar\/ade04a5bc31d350da38e6a2ded5f4d0dda4e44d1e847bc64b0de9708a879bbe6?s=96&d=mm&r=g","caption":"admin"},"url":"https:\/\/www.camadeira.com\/web\/author\/admin\/"}]}},"_links":{"self":[{"href":"https:\/\/www.camadeira.com\/web\/wp-json\/wp\/v2\/posts\/1396","targetHints":{"allow":["GET"]}}],"collection":[{"href":"https:\/\/www.camadeira.com\/web\/wp-json\/wp\/v2\/posts"}],"about":[{"href":"https:\/\/www.camadeira.com\/web\/wp-json\/wp\/v2\/types\/post"}],"author":[{"embeddable":true,"href":"https:\/\/www.camadeira.com\/web\/wp-json\/wp\/v2\/users\/1"}],"replies":[{"embeddable":true,"href":"https:\/\/www.camadeira.com\/web\/wp-json\/wp\/v2\/comments?post=1396"}],"version-history":[{"count":2,"href":"https:\/\/www.camadeira.com\/web\/wp-json\/wp\/v2\/posts\/1396\/revisions"}],"predecessor-version":[{"id":1408,"href":"https:\/\/www.camadeira.com\/web\/wp-json\/wp\/v2\/posts\/1396\/revisions\/1408"}],"wp:featuredmedia":[{"embeddable":true,"href":"https:\/\/www.camadeira.com\/web\/wp-json\/wp\/v2\/media\/1407"}],"wp:attachment":[{"href":"https:\/\/www.camadeira.com\/web\/wp-json\/wp\/v2\/media?parent=1396"}],"wp:term":[{"taxonomy":"category","embeddable":true,"href":"https:\/\/www.camadeira.com\/web\/wp-json\/wp\/v2\/categories?post=1396"},{"taxonomy":"post_tag","embeddable":true,"href":"https:\/\/www.camadeira.com\/web\/wp-json\/wp\/v2\/tags?post=1396"}],"curies":[{"name":"wp","href":"https:\/\/api.w.org\/{rel}","templated":true}]}}