{"id":1453,"date":"2021-06-20T20:36:53","date_gmt":"2021-06-20T20:36:53","guid":{"rendered":"https:\/\/www.camadeira.com\/web\/?p=1453"},"modified":"2021-06-21T10:36:05","modified_gmt":"2021-06-21T10:36:05","slug":"lucia-franco-e-francisco-freitas-vencem-6-a-edicao-do-funchal-sky-race","status":"publish","type":"post","link":"https:\/\/www.camadeira.com\/web\/lucia-franco-e-francisco-freitas-vencem-6-a-edicao-do-funchal-sky-race\/","title":{"rendered":"L\u00facia Franco e Francisco Freitas vencem 6.\u00aa Edi\u00e7\u00e3o do Funchal Sky Race"},"content":{"rendered":"<div>\n<div class=\"\" dir=\"auto\">\n<div id=\"jsc_c_5d1\" class=\"ecm0bbzt hv4rvrfc ihqw7lf3 dati1w0a\" data-ad-comet-preview=\"message\" data-ad-preview=\"message\">\n<div class=\"j83agx80 cbu4d94t ew0dbk1b irj2b8pg\">\n<div class=\"qzhwtbm6 knvmm38d\">\n<div class=\"kvgmc6g5 cxmmr5t8 oygrvhab hcukyx3x c1et5uql ii04i59q\">\n<div dir=\"auto\">As montanhas do Funchal entre os 900 e os 1700 metros de altitude foram palco da 6.\u00aa Edi\u00e7\u00e3o do Funchal Sky Race, um evento de corrida t\u00e9cnica em trilhos de montanha que mobilizou 125 skyrunners.<\/div>\n<\/div>\n<div class=\"o9v6fnle cxmmr5t8 oygrvhab hcukyx3x c1et5uql ii04i59q\">\n<div dir=\"auto\">Os participantes tiveram pela frente percursos exigentes, com declives acentuados, e temperaturas altas a dificultar a progress\u00e3o.<\/div>\n<\/div>\n<div class=\"o9v6fnle cxmmr5t8 oygrvhab hcukyx3x c1et5uql ii04i59q\">\n<div dir=\"auto\">A 6.\u00aa Edi\u00e7\u00e3o do Funchal Sky Race contou com duas dist\u00e2ncias competitivas, 21km com 1400m de desn\u00edvel positivo e 10km, com 500 metros de desn\u00edvel positivo, com partida e Meta no Ch\u00e3o da Lagoa , a 1475 metros de altitude.<\/div>\n<div dir=\"auto\">A provas foram muito disputadas, saindo os vencedores entre o leque de favoritos. Francisco Freitas (ACD Jardim da Serra) come\u00e7ou cauteloso, andando na primeira parte da prova na terceira posi\u00e7\u00e3o, mas foi mais forte na parte final onde esperavam cerca de 500 metros de desn\u00edvel nos \u00faltimos 4km, passando para a frente da corrida que ganhou com o tempo de 2:11:31, para percorrer os 21km da competi\u00e7\u00e3o. Na segunda posi\u00e7\u00e3o classificou-se Am\u00e9rico Caldeira (Clube Aventura da Madeira) com 2:19:23 e em terceiro \u00c9nio Castro (Clube Aventura da Madeira), com 2:21:49.<\/div>\n<div dir=\"auto\"><img loading=\"lazy\" decoding=\"async\" class=\"aligncenter size-full wp-image-1454\" src=\"https:\/\/www.camadeira.com\/web\/wp-content\/uploads\/2021\/06\/Francisco-Freitas-1-fx-sr-21km.jpg\" alt=\"\" width=\"1260\" height=\"921\" srcset=\"https:\/\/www.camadeira.com\/web\/wp-content\/uploads\/2021\/06\/Francisco-Freitas-1-fx-sr-21km.jpg 1260w, https:\/\/www.camadeira.com\/web\/wp-content\/uploads\/2021\/06\/Francisco-Freitas-1-fx-sr-21km-300x219.jpg 300w, https:\/\/www.camadeira.com\/web\/wp-content\/uploads\/2021\/06\/Francisco-Freitas-1-fx-sr-21km-1030x753.jpg 1030w, https:\/\/www.camadeira.com\/web\/wp-content\/uploads\/2021\/06\/Francisco-Freitas-1-fx-sr-21km-768x561.jpg 768w, https:\/\/www.camadeira.com\/web\/wp-content\/uploads\/2021\/06\/Francisco-Freitas-1-fx-sr-21km-696x509.jpg 696w, https:\/\/www.camadeira.com\/web\/wp-content\/uploads\/2021\/06\/Francisco-Freitas-1-fx-sr-21km-1068x781.jpg 1068w, https:\/\/www.camadeira.com\/web\/wp-content\/uploads\/2021\/06\/Francisco-Freitas-1-fx-sr-21km-575x420.jpg 575w\" sizes=\"auto, (max-width: 1260px) 100vw, 1260px\" \/><\/div>\n<div dir=\"auto\">Na competi\u00e7\u00e3o feminina, L\u00facia Franco (A.D. Galomar) venceu categoricamente com o tempo de 2:59:41. Na segunda posi\u00e7\u00e3o Fabiana Gon\u00e7alves (A.D. Galomar) terminou com 3:06:26, superando Iulia Fuiorea (Clube Aventura da Madeira), terceira, com o tempo de 3:07:36.<\/div>\n<\/div>\n<div class=\"o9v6fnle cxmmr5t8 oygrvhab hcukyx3x c1et5uql ii04i59q\">\n<div dir=\"auto\">Os vencedores da prova 21km do Funchal Sky Race foram igualmente campe\u00f5es regionais da disciplina Skyrace 2021.<\/div>\n<div dir=\"auto\"><\/div>\n<div dir=\"auto\">A prova Mini Sky Race com 10km teve em Jos\u00e9 Soares (ACD Jardim da Serra) o vencedor da geral masculina, seguindo-se Jos\u00e9 Aguiar (Clube Escola do Estreito) na segunda posi\u00e7\u00e3o e James G\u00f3is (CN S\u00e3o Vicente) em terceiro. Nos femininos, Cristina Arreiol (Boavista Trail) venceu destacada, sendo segunda Herculana Sousa (DP Inform\u00e1tica) e a terceira Andreja Prijatelj (SVN).<\/div>\n<div dir=\"auto\"><\/div>\n<\/div>\n<div class=\"o9v6fnle cxmmr5t8 oygrvhab hcukyx3x c1et5uql ii04i59q\">\n<div dir=\"auto\">A organiza\u00e7\u00e3o do Clube Aventura da Madeira mobilizou 40 colaboradores para garantir toda a log\u00edstica e seguran\u00e7a do evento, que integrou ainda o ranking da Ta\u00e7a de Portugal de Skyrunning Absoluto e Jovens, e ainda foi pontu\u00e1vel para o Trof\u00e9us de Clubes Regional e Nacional.<\/div>\n<\/div>\n<\/div>\n<div dir=\"auto\"><a href=\"http:\/\/skyrunning.camadeira.com\/resultados-funchal-sky-race-2021\/\" target=\"_blank\" rel=\"noopener noreferrer\">RESULTADOS<\/a><\/div>\n<div class=\"qzhwtbm6 knvmm38d\">\n<div class=\"o9v6fnle cxmmr5t8 oygrvhab hcukyx3x c1et5uql ii04i59q\">\n<div dir=\"auto\"><\/div>\n<\/div>\n<\/div>\n<\/div>\n<\/div>\n<\/div>\n<div id=\"jsc_c_5d2\" class=\"l9j0dhe7\">\n<div class=\"l9j0dhe7\">\n<div class=\"l9j0dhe7\">\n<div class=\"l9j0dhe7\">\n<div class=\"ni8dbmo4 stjgntxs pmk7jnqg\">\n<div class=\"stjgntxs ni8dbmo4\">\n<div class=\"do00u71z ni8dbmo4 stjgntxs l9j0dhe7\">\n<div class=\"pmk7jnqg kr520xx4\"><img decoding=\"async\" class=\"i09qtzwb n7fi1qx3 datstx6m pmk7jnqg j9ispegn kr520xx4 k4urcfbm\" src=\"https:\/\/scontent.ffnc1-1.fna.fbcdn.net\/v\/t1.6435-0\/p600x600\/201273157_1585250101826499_2291873124040747945_n.jpg?_nc_cat=103&amp;ccb=1-3&amp;_nc_sid=730e14&amp;_nc_eui2=AeEPcTGUgm6Hpi3CpHbqEEdJfxvFWY3gYud_G8VZjeBi54MsyySa4R7fYSoNZtlXczhCYjerMX7hQjcvZdceJQd9&amp;_nc_ohc=tZT6PF37BkIAX81UnZN&amp;tn=pjsJLE1S5jSfhi0C&amp;_nc_ht=scontent.ffnc1-1.fna&amp;tp=6&amp;oh=3db67cd04c034479e29cdab930946764&amp;oe=60D42FD0\" alt=\"\" \/><\/div>\n<\/div>\n<div class=\"hzruof5a opwvks06 linmgsc8 kr520xx4 j9ispegn pmk7jnqg n7fi1qx3 rq0escxv i09qtzwb\"><\/div>\n<\/div>\n<div class=\"n00je7tq arfg74bv qs9ysxi8 k77z8yql i09qtzwb n7fi1qx3 b5wmifdl hzruof5a pmk7jnqg j9ispegn kr520xx4 c5ndavph art1omkt ot9fgl3s\" data-visualcompletion=\"ignore\"><\/div>\n<\/div>\n<div class=\"ni8dbmo4 stjgntxs pmk7jnqg\">\n<div class=\"stjgntxs ni8dbmo4\">\n<div class=\"do00u71z ni8dbmo4 stjgntxs l9j0dhe7\">\n<div class=\"pmk7jnqg kr520xx4\"><img decoding=\"async\" class=\"i09qtzwb n7fi1qx3 datstx6m pmk7jnqg j9ispegn kr520xx4 k4urcfbm\" src=\"https:\/\/scontent.ffnc1-1.fna.fbcdn.net\/v\/t1.6435-0\/p600x600\/201874105_1585250365159806_1995915741292039333_n.jpg?_nc_cat=100&amp;ccb=1-3&amp;_nc_sid=730e14&amp;_nc_eui2=AeE0i4UFiMEZjm2-eWjR7zJBOlBO-gxuB_g6UE76DG4H-PBAuVSDJ3ldlt0A_FMEy2IPYFdcx2b61nqjYIo53ds5&amp;_nc_ohc=u__OnkNZbpsAX8soDEQ&amp;tn=pjsJLE1S5jSfhi0C&amp;_nc_ht=scontent.ffnc1-1.fna&amp;tp=6&amp;oh=93d64fe132ed59f0a7d7172cbc0dde7f&amp;oe=60D48F22\" alt=\"\" \/><\/div>\n<\/div>\n<div class=\"hzruof5a opwvks06 linmgsc8 kr520xx4 j9ispegn pmk7jnqg n7fi1qx3 rq0escxv i09qtzwb\"><\/div>\n<\/div>\n<div class=\"n00je7tq arfg74bv qs9ysxi8 k77z8yql i09qtzwb n7fi1qx3 b5wmifdl hzruof5a pmk7jnqg j9ispegn kr520xx4 c5ndavph art1omkt ot9fgl3s\" data-visualcompletion=\"ignore\"><\/div>\n<\/div>\n<div class=\"ni8dbmo4 stjgntxs pmk7jnqg\">\n<div class=\"stjgntxs ni8dbmo4\">\n<div class=\"do00u71z ni8dbmo4 stjgntxs l9j0dhe7\">\n<div class=\"pmk7jnqg kr520xx4\"><img decoding=\"async\" class=\"i09qtzwb n7fi1qx3 datstx6m pmk7jnqg j9ispegn kr520xx4 k4urcfbm\" src=\"https:\/\/scontent.ffnc1-1.fna.fbcdn.net\/v\/t1.6435-9\/s960x960\/203727376_1585250355159807_2997120202643036159_n.jpg?_nc_cat=102&amp;ccb=1-3&amp;_nc_sid=730e14&amp;_nc_eui2=AeFZzqlm1viU3f1zd1CS0n598tql0nXBilLy2qXSdcGKUh7uP8W5jDz83eYzFwlWp2oHmpcgGW1W1zZjBzNWUuZ5&amp;_nc_ohc=BJg8uCSsdFAAX9A7O2q&amp;_nc_ht=scontent.ffnc1-1.fna&amp;tp=7&amp;oh=b203662911909262f4db465c5d376d4f&amp;oe=60D4C41F\" alt=\"\" \/><\/div>\n<\/div>\n<\/div>\n<\/div>\n<\/div>\n<\/div>\n<\/div>\n<\/div>\n<\/div>\n<div>\n<div class=\"stjgntxs ni8dbmo4 l82x9zwi uo3d90p7 h905i5nu monazrh9\" data-visualcompletion=\"ignore-dynamic\">\n<div>\n<div class=\"cwj9ozl2 tvmbv18p\"><\/div>\n<\/div>\n<\/div>\n<\/div>\n","protected":false},"excerpt":{"rendered":"<p>As montanhas do Funchal entre os 900 e os 1700 metros de altitude foram palco da 6.\u00aa Edi\u00e7\u00e3o do Funchal Sky Race, um evento de corrida t\u00e9cnica em trilhos de [&hellip;]<\/p>\n","protected":false},"author":1,"featured_media":1456,"comment_status":"closed","ping_status":"closed","sticky":false,"template":"","format":"standard","meta":{"footnotes":""},"categories":[39],"tags":[],"class_list":["post-1453","post","type-post","status-publish","format-standard","has-post-thumbnail","category-skyrunning"],"yoast_head":"<!-- This site is optimized with the Yoast SEO plugin v26.7 - https:\/\/yoast.com\/wordpress\/plugins\/seo\/ -->\n<title>L\u00facia Franco e Francisco Freitas vencem 6.\u00aa Edi\u00e7\u00e3o do Funchal Sky Race - Clube Aventura da Madeira<\/title>\n<meta name=\"robots\" content=\"index, follow, max-snippet:-1, max-image-preview:large, max-video-preview:-1\" \/>\n<link rel=\"canonical\" href=\"https:\/\/www.camadeira.com\/web\/lucia-franco-e-francisco-freitas-vencem-6-a-edicao-do-funchal-sky-race\/\" \/>\n<meta property=\"og:locale\" content=\"pt_PT\" \/>\n<meta property=\"og:type\" content=\"article\" \/>\n<meta property=\"og:title\" content=\"L\u00facia Franco e Francisco Freitas vencem 6.\u00aa Edi\u00e7\u00e3o do Funchal Sky Race - Clube Aventura da Madeira\" \/>\n<meta property=\"og:description\" content=\"As montanhas do Funchal entre os 900 e os 1700 metros de altitude foram palco da 6.\u00aa Edi\u00e7\u00e3o do Funchal Sky Race, um evento de corrida t\u00e9cnica em trilhos de [&hellip;]\" \/>\n<meta property=\"og:url\" content=\"https:\/\/www.camadeira.com\/web\/lucia-franco-e-francisco-freitas-vencem-6-a-edicao-do-funchal-sky-race\/\" \/>\n<meta property=\"og:site_name\" content=\"Clube Aventura da Madeira\" \/>\n<meta property=\"article:publisher\" content=\"https:\/\/www.facebook.com\/CAMadeira\" \/>\n<meta property=\"article:published_time\" content=\"2021-06-20T20:36:53+00:00\" \/>\n<meta property=\"article:modified_time\" content=\"2021-06-21T10:36:05+00:00\" \/>\n<meta property=\"og:image\" content=\"https:\/\/www.camadeira.com\/web\/wp-content\/uploads\/2021\/06\/lucia-Franco-1.\u00aa-sen-fem-21km-1.jpg\" \/>\n\t<meta property=\"og:image:width\" content=\"697\" \/>\n\t<meta property=\"og:image:height\" content=\"467\" \/>\n\t<meta property=\"og:image:type\" content=\"image\/jpeg\" \/>\n<meta name=\"author\" content=\"admin\" \/>\n<meta name=\"twitter:card\" content=\"summary_large_image\" \/>\n<meta name=\"twitter:label1\" content=\"Escrito por\" \/>\n\t<meta name=\"twitter:data1\" content=\"admin\" \/>\n\t<meta name=\"twitter:label2\" content=\"Tempo estimado de leitura\" \/>\n\t<meta name=\"twitter:data2\" content=\"2 minutos\" \/>\n<script type=\"application\/ld+json\" class=\"yoast-schema-graph\">{\"@context\":\"https:\/\/schema.org\",\"@graph\":[{\"@type\":\"Article\",\"@id\":\"https:\/\/www.camadeira.com\/web\/lucia-franco-e-francisco-freitas-vencem-6-a-edicao-do-funchal-sky-race\/#article\",\"isPartOf\":{\"@id\":\"https:\/\/www.camadeira.com\/web\/lucia-franco-e-francisco-freitas-vencem-6-a-edicao-do-funchal-sky-race\/\"},\"author\":{\"name\":\"admin\",\"@id\":\"https:\/\/www.camadeira.com\/web\/#\/schema\/person\/8903a677f0fa358bc7c1bce3ea676ac8\"},\"headline\":\"L\u00facia Franco e Francisco Freitas vencem 6.\u00aa Edi\u00e7\u00e3o do Funchal Sky Race\",\"datePublished\":\"2021-06-20T20:36:53+00:00\",\"dateModified\":\"2021-06-21T10:36:05+00:00\",\"mainEntityOfPage\":{\"@id\":\"https:\/\/www.camadeira.com\/web\/lucia-franco-e-francisco-freitas-vencem-6-a-edicao-do-funchal-sky-race\/\"},\"wordCount\":367,\"publisher\":{\"@id\":\"https:\/\/www.camadeira.com\/web\/#organization\"},\"image\":{\"@id\":\"https:\/\/www.camadeira.com\/web\/lucia-franco-e-francisco-freitas-vencem-6-a-edicao-do-funchal-sky-race\/#primaryimage\"},\"thumbnailUrl\":\"https:\/\/www.camadeira.com\/web\/wp-content\/uploads\/2021\/06\/lucia-Franco-1.\u00aa-sen-fem-21km-1.jpg\",\"articleSection\":[\"Skyrunning\"],\"inLanguage\":\"pt-PT\"},{\"@type\":\"WebPage\",\"@id\":\"https:\/\/www.camadeira.com\/web\/lucia-franco-e-francisco-freitas-vencem-6-a-edicao-do-funchal-sky-race\/\",\"url\":\"https:\/\/www.camadeira.com\/web\/lucia-franco-e-francisco-freitas-vencem-6-a-edicao-do-funchal-sky-race\/\",\"name\":\"L\u00facia Franco e Francisco Freitas vencem 6.\u00aa Edi\u00e7\u00e3o do Funchal Sky Race - Clube Aventura da Madeira\",\"isPartOf\":{\"@id\":\"https:\/\/www.camadeira.com\/web\/#website\"},\"primaryImageOfPage\":{\"@id\":\"https:\/\/www.camadeira.com\/web\/lucia-franco-e-francisco-freitas-vencem-6-a-edicao-do-funchal-sky-race\/#primaryimage\"},\"image\":{\"@id\":\"https:\/\/www.camadeira.com\/web\/lucia-franco-e-francisco-freitas-vencem-6-a-edicao-do-funchal-sky-race\/#primaryimage\"},\"thumbnailUrl\":\"https:\/\/www.camadeira.com\/web\/wp-content\/uploads\/2021\/06\/lucia-Franco-1.\u00aa-sen-fem-21km-1.jpg\",\"datePublished\":\"2021-06-20T20:36:53+00:00\",\"dateModified\":\"2021-06-21T10:36:05+00:00\",\"breadcrumb\":{\"@id\":\"https:\/\/www.camadeira.com\/web\/lucia-franco-e-francisco-freitas-vencem-6-a-edicao-do-funchal-sky-race\/#breadcrumb\"},\"inLanguage\":\"pt-PT\",\"potentialAction\":[{\"@type\":\"ReadAction\",\"target\":[\"https:\/\/www.camadeira.com\/web\/lucia-franco-e-francisco-freitas-vencem-6-a-edicao-do-funchal-sky-race\/\"]}]},{\"@type\":\"ImageObject\",\"inLanguage\":\"pt-PT\",\"@id\":\"https:\/\/www.camadeira.com\/web\/lucia-franco-e-francisco-freitas-vencem-6-a-edicao-do-funchal-sky-race\/#primaryimage\",\"url\":\"https:\/\/www.camadeira.com\/web\/wp-content\/uploads\/2021\/06\/lucia-Franco-1.\u00aa-sen-fem-21km-1.jpg\",\"contentUrl\":\"https:\/\/www.camadeira.com\/web\/wp-content\/uploads\/2021\/06\/lucia-Franco-1.\u00aa-sen-fem-21km-1.jpg\",\"width\":697,\"height\":467},{\"@type\":\"BreadcrumbList\",\"@id\":\"https:\/\/www.camadeira.com\/web\/lucia-franco-e-francisco-freitas-vencem-6-a-edicao-do-funchal-sky-race\/#breadcrumb\",\"itemListElement\":[{\"@type\":\"ListItem\",\"position\":1,\"name\":\"In\u00edcio\",\"item\":\"https:\/\/www.camadeira.com\/web\/\"},{\"@type\":\"ListItem\",\"position\":2,\"name\":\"L\u00facia Franco e Francisco Freitas vencem 6.\u00aa Edi\u00e7\u00e3o do Funchal Sky Race\"}]},{\"@type\":\"WebSite\",\"@id\":\"https:\/\/www.camadeira.com\/web\/#website\",\"url\":\"https:\/\/www.camadeira.com\/web\/\",\"name\":\"Clube Aventura da Madeira\",\"description\":\"Clube Aventura da Madeira\",\"publisher\":{\"@id\":\"https:\/\/www.camadeira.com\/web\/#organization\"},\"potentialAction\":[{\"@type\":\"SearchAction\",\"target\":{\"@type\":\"EntryPoint\",\"urlTemplate\":\"https:\/\/www.camadeira.com\/web\/?s={search_term_string}\"},\"query-input\":{\"@type\":\"PropertyValueSpecification\",\"valueRequired\":true,\"valueName\":\"search_term_string\"}}],\"inLanguage\":\"pt-PT\"},{\"@type\":\"Organization\",\"@id\":\"https:\/\/www.camadeira.com\/web\/#organization\",\"name\":\"Clube Aventura da Madeira\",\"url\":\"https:\/\/www.camadeira.com\/web\/\",\"logo\":{\"@type\":\"ImageObject\",\"inLanguage\":\"pt-PT\",\"@id\":\"https:\/\/www.camadeira.com\/web\/#\/schema\/logo\/image\/\",\"url\":\"https:\/\/www.camadeira.com\/web\/wp-content\/uploads\/2017\/08\/logoCAMadeiraSite.png\",\"contentUrl\":\"https:\/\/www.camadeira.com\/web\/wp-content\/uploads\/2017\/08\/logoCAMadeiraSite.png\",\"width\":340,\"height\":156,\"caption\":\"Clube Aventura da Madeira\"},\"image\":{\"@id\":\"https:\/\/www.camadeira.com\/web\/#\/schema\/logo\/image\/\"},\"sameAs\":[\"https:\/\/www.facebook.com\/CAMadeira\"]},{\"@type\":\"Person\",\"@id\":\"https:\/\/www.camadeira.com\/web\/#\/schema\/person\/8903a677f0fa358bc7c1bce3ea676ac8\",\"name\":\"admin\",\"image\":{\"@type\":\"ImageObject\",\"inLanguage\":\"pt-PT\",\"@id\":\"https:\/\/www.camadeira.com\/web\/#\/schema\/person\/image\/\",\"url\":\"https:\/\/secure.gravatar.com\/avatar\/ade04a5bc31d350da38e6a2ded5f4d0dda4e44d1e847bc64b0de9708a879bbe6?s=96&d=mm&r=g\",\"contentUrl\":\"https:\/\/secure.gravatar.com\/avatar\/ade04a5bc31d350da38e6a2ded5f4d0dda4e44d1e847bc64b0de9708a879bbe6?s=96&d=mm&r=g\",\"caption\":\"admin\"},\"url\":\"https:\/\/www.camadeira.com\/web\/author\/admin\/\"}]}<\/script>\n<!-- \/ Yoast SEO plugin. -->","yoast_head_json":{"title":"L\u00facia Franco e Francisco Freitas vencem 6.\u00aa Edi\u00e7\u00e3o do Funchal Sky Race - Clube Aventura da Madeira","robots":{"index":"index","follow":"follow","max-snippet":"max-snippet:-1","max-image-preview":"max-image-preview:large","max-video-preview":"max-video-preview:-1"},"canonical":"https:\/\/www.camadeira.com\/web\/lucia-franco-e-francisco-freitas-vencem-6-a-edicao-do-funchal-sky-race\/","og_locale":"pt_PT","og_type":"article","og_title":"L\u00facia Franco e Francisco Freitas vencem 6.\u00aa Edi\u00e7\u00e3o do Funchal Sky Race - Clube Aventura da Madeira","og_description":"As montanhas do Funchal entre os 900 e os 1700 metros de altitude foram palco da 6.\u00aa Edi\u00e7\u00e3o do Funchal Sky Race, um evento de corrida t\u00e9cnica em trilhos de [&hellip;]","og_url":"https:\/\/www.camadeira.com\/web\/lucia-franco-e-francisco-freitas-vencem-6-a-edicao-do-funchal-sky-race\/","og_site_name":"Clube Aventura da Madeira","article_publisher":"https:\/\/www.facebook.com\/CAMadeira","article_published_time":"2021-06-20T20:36:53+00:00","article_modified_time":"2021-06-21T10:36:05+00:00","og_image":[{"width":697,"height":467,"url":"https:\/\/www.camadeira.com\/web\/wp-content\/uploads\/2021\/06\/lucia-Franco-1.\u00aa-sen-fem-21km-1.jpg","type":"image\/jpeg"}],"author":"admin","twitter_card":"summary_large_image","twitter_misc":{"Escrito por":"admin","Tempo estimado de leitura":"2 minutos"},"schema":{"@context":"https:\/\/schema.org","@graph":[{"@type":"Article","@id":"https:\/\/www.camadeira.com\/web\/lucia-franco-e-francisco-freitas-vencem-6-a-edicao-do-funchal-sky-race\/#article","isPartOf":{"@id":"https:\/\/www.camadeira.com\/web\/lucia-franco-e-francisco-freitas-vencem-6-a-edicao-do-funchal-sky-race\/"},"author":{"name":"admin","@id":"https:\/\/www.camadeira.com\/web\/#\/schema\/person\/8903a677f0fa358bc7c1bce3ea676ac8"},"headline":"L\u00facia Franco e Francisco Freitas vencem 6.\u00aa Edi\u00e7\u00e3o do Funchal Sky Race","datePublished":"2021-06-20T20:36:53+00:00","dateModified":"2021-06-21T10:36:05+00:00","mainEntityOfPage":{"@id":"https:\/\/www.camadeira.com\/web\/lucia-franco-e-francisco-freitas-vencem-6-a-edicao-do-funchal-sky-race\/"},"wordCount":367,"publisher":{"@id":"https:\/\/www.camadeira.com\/web\/#organization"},"image":{"@id":"https:\/\/www.camadeira.com\/web\/lucia-franco-e-francisco-freitas-vencem-6-a-edicao-do-funchal-sky-race\/#primaryimage"},"thumbnailUrl":"https:\/\/www.camadeira.com\/web\/wp-content\/uploads\/2021\/06\/lucia-Franco-1.\u00aa-sen-fem-21km-1.jpg","articleSection":["Skyrunning"],"inLanguage":"pt-PT"},{"@type":"WebPage","@id":"https:\/\/www.camadeira.com\/web\/lucia-franco-e-francisco-freitas-vencem-6-a-edicao-do-funchal-sky-race\/","url":"https:\/\/www.camadeira.com\/web\/lucia-franco-e-francisco-freitas-vencem-6-a-edicao-do-funchal-sky-race\/","name":"L\u00facia Franco e Francisco Freitas vencem 6.\u00aa Edi\u00e7\u00e3o do Funchal Sky Race - Clube Aventura da Madeira","isPartOf":{"@id":"https:\/\/www.camadeira.com\/web\/#website"},"primaryImageOfPage":{"@id":"https:\/\/www.camadeira.com\/web\/lucia-franco-e-francisco-freitas-vencem-6-a-edicao-do-funchal-sky-race\/#primaryimage"},"image":{"@id":"https:\/\/www.camadeira.com\/web\/lucia-franco-e-francisco-freitas-vencem-6-a-edicao-do-funchal-sky-race\/#primaryimage"},"thumbnailUrl":"https:\/\/www.camadeira.com\/web\/wp-content\/uploads\/2021\/06\/lucia-Franco-1.\u00aa-sen-fem-21km-1.jpg","datePublished":"2021-06-20T20:36:53+00:00","dateModified":"2021-06-21T10:36:05+00:00","breadcrumb":{"@id":"https:\/\/www.camadeira.com\/web\/lucia-franco-e-francisco-freitas-vencem-6-a-edicao-do-funchal-sky-race\/#breadcrumb"},"inLanguage":"pt-PT","potentialAction":[{"@type":"ReadAction","target":["https:\/\/www.camadeira.com\/web\/lucia-franco-e-francisco-freitas-vencem-6-a-edicao-do-funchal-sky-race\/"]}]},{"@type":"ImageObject","inLanguage":"pt-PT","@id":"https:\/\/www.camadeira.com\/web\/lucia-franco-e-francisco-freitas-vencem-6-a-edicao-do-funchal-sky-race\/#primaryimage","url":"https:\/\/www.camadeira.com\/web\/wp-content\/uploads\/2021\/06\/lucia-Franco-1.\u00aa-sen-fem-21km-1.jpg","contentUrl":"https:\/\/www.camadeira.com\/web\/wp-content\/uploads\/2021\/06\/lucia-Franco-1.\u00aa-sen-fem-21km-1.jpg","width":697,"height":467},{"@type":"BreadcrumbList","@id":"https:\/\/www.camadeira.com\/web\/lucia-franco-e-francisco-freitas-vencem-6-a-edicao-do-funchal-sky-race\/#breadcrumb","itemListElement":[{"@type":"ListItem","position":1,"name":"In\u00edcio","item":"https:\/\/www.camadeira.com\/web\/"},{"@type":"ListItem","position":2,"name":"L\u00facia Franco e Francisco Freitas vencem 6.\u00aa Edi\u00e7\u00e3o do Funchal Sky Race"}]},{"@type":"WebSite","@id":"https:\/\/www.camadeira.com\/web\/#website","url":"https:\/\/www.camadeira.com\/web\/","name":"Clube Aventura da Madeira","description":"Clube Aventura da Madeira","publisher":{"@id":"https:\/\/www.camadeira.com\/web\/#organization"},"potentialAction":[{"@type":"SearchAction","target":{"@type":"EntryPoint","urlTemplate":"https:\/\/www.camadeira.com\/web\/?s={search_term_string}"},"query-input":{"@type":"PropertyValueSpecification","valueRequired":true,"valueName":"search_term_string"}}],"inLanguage":"pt-PT"},{"@type":"Organization","@id":"https:\/\/www.camadeira.com\/web\/#organization","name":"Clube Aventura da Madeira","url":"https:\/\/www.camadeira.com\/web\/","logo":{"@type":"ImageObject","inLanguage":"pt-PT","@id":"https:\/\/www.camadeira.com\/web\/#\/schema\/logo\/image\/","url":"https:\/\/www.camadeira.com\/web\/wp-content\/uploads\/2017\/08\/logoCAMadeiraSite.png","contentUrl":"https:\/\/www.camadeira.com\/web\/wp-content\/uploads\/2017\/08\/logoCAMadeiraSite.png","width":340,"height":156,"caption":"Clube Aventura da Madeira"},"image":{"@id":"https:\/\/www.camadeira.com\/web\/#\/schema\/logo\/image\/"},"sameAs":["https:\/\/www.facebook.com\/CAMadeira"]},{"@type":"Person","@id":"https:\/\/www.camadeira.com\/web\/#\/schema\/person\/8903a677f0fa358bc7c1bce3ea676ac8","name":"admin","image":{"@type":"ImageObject","inLanguage":"pt-PT","@id":"https:\/\/www.camadeira.com\/web\/#\/schema\/person\/image\/","url":"https:\/\/secure.gravatar.com\/avatar\/ade04a5bc31d350da38e6a2ded5f4d0dda4e44d1e847bc64b0de9708a879bbe6?s=96&d=mm&r=g","contentUrl":"https:\/\/secure.gravatar.com\/avatar\/ade04a5bc31d350da38e6a2ded5f4d0dda4e44d1e847bc64b0de9708a879bbe6?s=96&d=mm&r=g","caption":"admin"},"url":"https:\/\/www.camadeira.com\/web\/author\/admin\/"}]}},"_links":{"self":[{"href":"https:\/\/www.camadeira.com\/web\/wp-json\/wp\/v2\/posts\/1453","targetHints":{"allow":["GET"]}}],"collection":[{"href":"https:\/\/www.camadeira.com\/web\/wp-json\/wp\/v2\/posts"}],"about":[{"href":"https:\/\/www.camadeira.com\/web\/wp-json\/wp\/v2\/types\/post"}],"author":[{"embeddable":true,"href":"https:\/\/www.camadeira.com\/web\/wp-json\/wp\/v2\/users\/1"}],"replies":[{"embeddable":true,"href":"https:\/\/www.camadeira.com\/web\/wp-json\/wp\/v2\/comments?post=1453"}],"version-history":[{"count":2,"href":"https:\/\/www.camadeira.com\/web\/wp-json\/wp\/v2\/posts\/1453\/revisions"}],"predecessor-version":[{"id":1458,"href":"https:\/\/www.camadeira.com\/web\/wp-json\/wp\/v2\/posts\/1453\/revisions\/1458"}],"wp:featuredmedia":[{"embeddable":true,"href":"https:\/\/www.camadeira.com\/web\/wp-json\/wp\/v2\/media\/1456"}],"wp:attachment":[{"href":"https:\/\/www.camadeira.com\/web\/wp-json\/wp\/v2\/media?parent=1453"}],"wp:term":[{"taxonomy":"category","embeddable":true,"href":"https:\/\/www.camadeira.com\/web\/wp-json\/wp\/v2\/categories?post=1453"},{"taxonomy":"post_tag","embeddable":true,"href":"https:\/\/www.camadeira.com\/web\/wp-json\/wp\/v2\/tags?post=1453"}],"curies":[{"name":"wp","href":"https:\/\/api.w.org\/{rel}","templated":true}]}}