{"id":1987,"date":"2026-01-21T11:52:38","date_gmt":"2026-01-21T11:52:38","guid":{"rendered":"https:\/\/www.camadeira.com\/web\/?p=1987"},"modified":"2026-01-21T11:52:43","modified_gmt":"2026-01-21T11:52:43","slug":"esa-huttunen-e-dana-honzakova-venceram-na-floresta-no-xiv-madeira-orienteering-meeting","status":"publish","type":"post","link":"https:\/\/www.camadeira.com\/web\/esa-huttunen-e-dana-honzakova-venceram-na-floresta-no-xiv-madeira-orienteering-meeting\/","title":{"rendered":"Esa Huttunen e Dana Honzakova venceram na floresta no XIV Madeira Orienteering Meeting"},"content":{"rendered":"<div class=\"xdj266r x14z9mp xat24cr x1lziwak x1vvkbs x126k92a\">\n<div dir=\"auto\">A 14.\u00aa Edi\u00e7\u00e3o do Madeira Orienteering Meeting contou com duas etapas , uma em ambiente urbano na cidade do Funchal na noite de dia 16 de janeiro, com 272 participantes e uma segunda etapa em ambiente florestal, nas serras do Poiso e Montado do Pereiro, no dia 17 de janeiro, com 177 participantes. Ambas as etapas foram pontu\u00e1veis para os rankings regionais da Madeira.<\/div>\n<div dir=\"auto\">Uma terceira etapa estava prevista para domingo, 18 de janeiro, no Ch\u00e3o das Aboboreiras, mas devido \u00e0s condi\u00e7\u00f5es climat\u00e9ricas na \u00e1rea de prova, foi cancelada. Assim os vencedores do XIV Madeira Orienteering Meeting foram apurados pelos resultados obtidos na etapa longa realizada na floresta, no s\u00e1bado, dia 17 de janeiro. O Sprint Funchal teve resultados independentes, com os vencedores distinguidos ap\u00f3s a realiza\u00e7\u00e3o da prova.<\/div>\n<div dir=\"auto\">A etapa Sprint, em ambiente noturno, iniciou-se \u00e0s 20h, com a cidade do Funchal ainda com muita gente pelas ruas, proporcionado uma oportunidade \u00fanica de divulga\u00e7\u00e3o da modalidade, que teve 282 participantes a percorrer a baixa da cidade, na \u00e1rea do n\u00facleo hist\u00f3rico da S\u00e9, nas mais variadas dire\u00e7\u00f5es.\u00a0 A organiza\u00e7\u00e3o do Clube Aventura da Madeira disponibilizou 12 percursos diferentes, com dist\u00e2ncias entre os 1100m e 4100 metros, para os 30 escal\u00f5es em disputa, que contaram com participantes dos 7 aos 84 anos.<\/div>\n<div dir=\"auto\"><\/div>\n<div dir=\"auto\">\n<div class=\"xdj266r x14z9mp xat24cr x1lziwak x1vvkbs x126k92a\">\n<div dir=\"auto\"><strong>Oeystein Kvaal Osterbo e Sara Stefanova vencem o Sprint no MOM 2026<\/strong><\/div>\n<div dir=\"auto\"><\/div>\n<\/div>\n<div class=\"x14z9mp xat24cr x1lziwak x1vvkbs xtlvy1s x126k92a\">\n<div dir=\"auto\">Nos escal\u00f5es Elite, a vit\u00f3ria foi disputada ao segundo em ambos os g\u00e9neros, com Sara Stefanova e Oeystein Kvaal Osterbo a serem os mais r\u00e1pidos na cidade do Funchal.<\/div>\n<\/div>\n<div class=\"x14z9mp xat24cr x1lziwak x1vvkbs xtlvy1s x126k92a\">\n<div dir=\"auto\">A n\u00edvel coletivo, a etapa Sprint teve como vencedor o Clube de Montanha do Funchal, na segunda posi\u00e7\u00e3o o Clube Aventura da Madeira e em terceiro, o Clube Escola Francisco Franco.<\/div>\n<\/div>\n<div class=\"x14z9mp xat24cr x1lziwak x1vvkbs xtlvy1s x126k92a\">\n<div dir=\"auto\">Resultados Escal\u00f5es Elite<\/div>\n<\/div>\n<div class=\"x14z9mp xat24cr x1lziwak x1vvkbs xtlvy1s x126k92a\">\n<div dir=\"auto\">Damas Elite<\/div>\n<div dir=\"auto\">1.\u00aa Sara Stefanova \u2013 Individual \u2013 15:04<\/div>\n<div dir=\"auto\">2.\u00aa Dana Honzakova \u2013 CMo Funchal \u2013 15:39<\/div>\n<div dir=\"auto\">3.\u00aa Alexandra Fonseca \u2013 CDEFF \u2013 17:04<\/div>\n<\/div>\n<div class=\"x14z9mp xat24cr x1lziwak x1vvkbs xtlvy1s x126k92a\">\n<div dir=\"auto\">Homens Elite<\/div>\n<div dir=\"auto\">1.\u00ba Oeystein Kvaal Osterbo \u2013 TuMe \u2013 15:54<\/div>\n<div dir=\"auto\">2.\u00ba Esa Huttunen \u2013 TuMe \u2013 16:08<\/div>\n<div dir=\"auto\">3.\u00ba Alexandre Gouveia \u2013 LCM -16:41<\/div>\n<div dir=\"auto\"><\/div>\n<\/div>\n<div class=\"x14z9mp xat24cr x1lziwak x1vvkbs xtlvy1s x126k92a\">\n<div dir=\"auto\"><strong>Esa Huttunen e Dana Honzakova venceram na floresta no XIV Madeira Orienteering Meeting<\/strong><\/div>\n<div dir=\"auto\"><\/div>\n<\/div>\n<\/div>\n<\/div>\n<div class=\"x14z9mp xat24cr x1lziwak x1vvkbs xtlvy1s x126k92a\">\n<div dir=\"auto\">A organiza\u00e7\u00e3o do Clube Aventura da Madeira preparou para esta edi\u00e7\u00e3o uma etapa de dist\u00e2ncia longa, nas serras do Poiso \/Montado do Pereiro, em terrenos de desn\u00edvel acentuado, cobertos de floresta, com m\u00faltiplos ambientes e esp\u00e9cies. Os percursos exigentes tiveram dist\u00e2ncias entre os 1700 metros para a inicia\u00e7\u00e3o e os 7000 metros para a Elite masculina.<\/div>\n<\/div>\n<div class=\"x14z9mp xat24cr x1lziwak x1vvkbs xtlvy1s x126k92a\">\n<div dir=\"auto\">A prova desenrolou-se numa \u00e1rea com 1,8km2, onde a organiza\u00e7\u00e3o montou 63 postos de controlo, para definir 12 percursos. A leitura correta dos desn\u00edveis foi a chave para a escolha das melhores op\u00e7\u00f5es nesta etapa, que contou com 182 participantes.<\/div>\n<\/div>\n<div class=\"x14z9mp xat24cr x1lziwak x1vvkbs xtlvy1s x126k92a\">\n<div dir=\"auto\">A disputa dos primeiros lugares na Elite masculina esteve equilibrada at\u00e9 que o finland\u00eas, Esa Huttunen, chegou \u00e0 meta, batendo o tempo do ingl\u00eas Adrew LIewellyn e do noruegu\u00eas Oystein Kvaal Osterbo, 2.\u00ba e 3\u00ba respetivamente. Na competi\u00e7\u00e3o feminina, a checa residente da Madeira, que representa o CMoFunchal, Dana Honzakova, venceu destacada.<\/div>\n<\/div>\n<div class=\"x14z9mp xat24cr x1lziwak x1vvkbs xtlvy1s x126k92a\">\n<div dir=\"auto\">A n\u00edvel coletivo, a etapa longa teve como vencedor o Clube Aventura da Madeira, seguido do Clube de Montanha do Funchal e na terceira posi\u00e7\u00e3o, o Grupo Desportivo do Estreito.<\/div>\n<\/div>\n<div class=\"x14z9mp xat24cr x1lziwak x1vvkbs xtlvy1s x126k92a\">\n<div dir=\"auto\">Resultados Escal\u00f5es Elite:<\/div>\n<\/div>\n<div class=\"x14z9mp xat24cr x1lziwak x1vvkbs xtlvy1s x126k92a\">\n<div dir=\"auto\">Homens Elite<\/div>\n<div dir=\"auto\">1.\u00ba Esa Huttunen \u2013 TuMe \u2013 1:03:06<\/div>\n<div dir=\"auto\">2.\u00ba Andrew Llewellyn \u2013 FVO \u2013 1:07:02<\/div>\n<div dir=\"auto\">3.\u00ba Oystein Kvaal Osterbo \u2013 TuMe \u2013 1:08:09<\/div>\n<\/div>\n<div class=\"x14z9mp xat24cr x1lziwak x1vvkbs xtlvy1s x126k92a\">\n<div dir=\"auto\">Damas Elite<\/div>\n<div dir=\"auto\">1.\u00aa Dana Honzakova \u2013 CMo Funchal \u2013 1:04:50<\/div>\n<div dir=\"auto\">2.\u00aa Alexandra Fonseca \u2013 CDEFF \u2013 1:25:49<\/div>\n<div dir=\"auto\">3.\u00aa Ana S\u00e1 \u2013 GDE \u2013 1:46:32<\/div>\n<div dir=\"auto\">Resultados:\u00a0<span class=\"html-span xdj266r x14z9mp xat24cr x1lziwak xexx8yu xyri2b x18d9i69 x1c1uobl x1hl2dhg x16tdsg8 x1vvkbs\"><a class=\"x1i10hfl xjbqb8w x1ejq31n x18oe1m7 x1sy0etr xstzfhl x972fbf x10w94by x1qhh985 x14e42zd x9f619 x1ypdohk xt0psk2 x3ct3a4 xdj266r x14z9mp xat24cr x1lziwak xexx8yu xyri2b x18d9i69 x1c1uobl x16tdsg8 x1hl2dhg xggy1nq x1a2a7pz xkrqix3 x1sur9pj x1fey0fg x1s688f\" tabindex=\"0\" role=\"link\" href=\"https:\/\/mom.camadeira.com\/resultados-xiv-madeira-orienteering-meeting\/?fbclid=IwZXh0bgNhZW0CMTAAYnJpZBEwdmlqQUxQcXNsblRobmRSbXNydGMGYXBwX2lkEDIyMjAzOTE3ODgyMDA4OTIAAR7rdQ0bX6J8lyTy3R65V4nRcQ_vEsRJon1VG2XUj_D4BjYywZET8AsK9jHxMw_aem_fOqf1hmmtKG_-Z4R8ONylg\" target=\"_blank\" rel=\"nofollow noopener noreferrer\">https:\/\/mom.camadeira.com\/resultados-xiv-madeira\u2026\/<\/a><\/span><\/div>\n<\/div>\n<div class=\"x14z9mp xat24cr x1lziwak x1vvkbs xtlvy1s x126k92a\">\n<div dir=\"auto\"><\/div>\n<div dir=\"auto\">Apoios:<\/div>\n<div dir=\"auto\"><span class=\"html-span xdj266r x14z9mp xat24cr x1lziwak xexx8yu xyri2b x18d9i69 x1c1uobl x1hl2dhg x16tdsg8 x1vvkbs\"><a class=\"x1i10hfl xjbqb8w x1ejq31n x18oe1m7 x1sy0etr xstzfhl x972fbf x10w94by x1qhh985 x14e42zd x9f619 x1ypdohk xt0psk2 x3ct3a4 xdj266r x14z9mp xat24cr x1lziwak xexx8yu xyri2b x18d9i69 x1c1uobl x16tdsg8 x1hl2dhg xggy1nq x1a2a7pz xkrqix3 x1sur9pj x1fey0fg x1s688f\" tabindex=\"0\" role=\"link\" href=\"https:\/\/www.facebook.com\/fporientacao?__cft__[0]=AZYgbYegalISs90jQlH3xs8d3JqLSC4gT7_mLrI8k1y924_QhjQNQjlEYvsee3yMi_o2WTSVIS6g3RdWlCNGz4wz-NHkXskdMSzNnJpzVxJRvmxzbQE03x4e4f1YTmu13qp5sXwuyJbO3N9EGcMfJmvbaZvYrsbkP5DTE0TvBgnSGHzXoTCOBMUXiw6uDf2xLVs&amp;__tn__=-]K-R\"><span class=\"xt0psk2\"><span class=\"xjp7ctv\">Federa\u00e7\u00e3o Portuguesa de Orienta\u00e7\u00e3o<\/span><\/span><\/a><\/span><\/div>\n<div dir=\"auto\"><span class=\"html-span xdj266r x14z9mp xat24cr x1lziwak xexx8yu xyri2b x18d9i69 x1c1uobl x1hl2dhg x16tdsg8 x1vvkbs\"><a class=\"x1i10hfl xjbqb8w x1ejq31n x18oe1m7 x1sy0etr xstzfhl x972fbf x10w94by x1qhh985 x14e42zd x9f619 x1ypdohk xt0psk2 x3ct3a4 xdj266r x14z9mp xat24cr x1lziwak xexx8yu xyri2b x18d9i69 x1c1uobl x16tdsg8 x1hl2dhg xggy1nq x1a2a7pz xkrqix3 x1sur9pj x1fey0fg x1s688f\" tabindex=\"0\" role=\"link\" href=\"https:\/\/www.facebook.com\/desporto.madeira?__cft__[0]=AZYgbYegalISs90jQlH3xs8d3JqLSC4gT7_mLrI8k1y924_QhjQNQjlEYvsee3yMi_o2WTSVIS6g3RdWlCNGz4wz-NHkXskdMSzNnJpzVxJRvmxzbQE03x4e4f1YTmu13qp5sXwuyJbO3N9EGcMfJmvbaZvYrsbkP5DTE0TvBgnSGHzXoTCOBMUXiw6uDf2xLVs&amp;__tn__=-]K-R\"><span class=\"xt0psk2\"><span class=\"xjp7ctv\">Dire\u00e7\u00e3o Regional de Desporto<\/span><\/span><\/a><\/span><\/div>\n<div dir=\"auto\"><span class=\"html-span xdj266r x14z9mp xat24cr x1lziwak xexx8yu xyri2b x18d9i69 x1c1uobl x1hl2dhg x16tdsg8 x1vvkbs\"><a class=\"x1i10hfl xjbqb8w x1ejq31n x18oe1m7 x1sy0etr xstzfhl x972fbf x10w94by x1qhh985 x14e42zd x9f619 x1ypdohk xt0psk2 x3ct3a4 xdj266r x14z9mp xat24cr x1lziwak xexx8yu xyri2b x18d9i69 x1c1uobl x16tdsg8 x1hl2dhg xggy1nq x1a2a7pz xkrqix3 x1sur9pj x1fey0fg x1s688f\" tabindex=\"0\" role=\"link\" href=\"https:\/\/www.facebook.com\/AssociacaoOrientacaoRegiaoAutonomaMadeira?__cft__[0]=AZYgbYegalISs90jQlH3xs8d3JqLSC4gT7_mLrI8k1y924_QhjQNQjlEYvsee3yMi_o2WTSVIS6g3RdWlCNGz4wz-NHkXskdMSzNnJpzVxJRvmxzbQE03x4e4f1YTmu13qp5sXwuyJbO3N9EGcMfJmvbaZvYrsbkP5DTE0TvBgnSGHzXoTCOBMUXiw6uDf2xLVs&amp;__tn__=-]K-R\"><span class=\"xt0psk2\"><span class=\"xjp7ctv\">Associa\u00e7\u00e3o de Orienta\u00e7\u00e3o da Regi\u00e3o Aut\u00f3noma da Madeira<\/span><\/span><\/a><\/span><\/div>\n<div dir=\"auto\"><span class=\"html-span xdj266r x14z9mp xat24cr x1lziwak xexx8yu xyri2b x18d9i69 x1c1uobl x1hl2dhg x16tdsg8 x1vvkbs\"><a class=\"x1i10hfl xjbqb8w x1ejq31n x18oe1m7 x1sy0etr xstzfhl x972fbf x10w94by x1qhh985 x14e42zd x9f619 x1ypdohk xt0psk2 x3ct3a4 xdj266r x14z9mp xat24cr x1lziwak xexx8yu xyri2b x18d9i69 x1c1uobl x16tdsg8 x1hl2dhg xggy1nq x1a2a7pz xkrqix3 x1sur9pj x1fey0fg x1s688f\" tabindex=\"0\" role=\"link\" href=\"https:\/\/www.facebook.com\/municipiodesantacruz?__cft__[0]=AZYgbYegalISs90jQlH3xs8d3JqLSC4gT7_mLrI8k1y924_QhjQNQjlEYvsee3yMi_o2WTSVIS6g3RdWlCNGz4wz-NHkXskdMSzNnJpzVxJRvmxzbQE03x4e4f1YTmu13qp5sXwuyJbO3N9EGcMfJmvbaZvYrsbkP5DTE0TvBgnSGHzXoTCOBMUXiw6uDf2xLVs&amp;__tn__=-]K-R\"><span class=\"xt0psk2\"><span class=\"xjp7ctv\">Munic\u00edpio De Santa Cruz<\/span><\/span><\/a><\/span><\/div>\n<div dir=\"auto\">\n<div dir=\"auto\"><span class=\"html-span xdj266r x14z9mp xat24cr x1lziwak xexx8yu xyri2b x18d9i69 x1c1uobl x1hl2dhg x16tdsg8 x1vvkbs\"><a class=\"x1i10hfl xjbqb8w x1ejq31n x18oe1m7 x1sy0etr xstzfhl x972fbf x10w94by x1qhh985 x14e42zd x9f619 x1ypdohk xt0psk2 x3ct3a4 xdj266r x14z9mp xat24cr x1lziwak xexx8yu xyri2b x18d9i69 x1c1uobl x16tdsg8 x1hl2dhg xggy1nq x1a2a7pz xkrqix3 x1sur9pj x1fey0fg x1s688f\" tabindex=\"0\" role=\"link\" href=\"https:\/\/www.facebook.com\/camaramunicipaldofunchal?__cft__[0]=AZYox5ZNtTctxUowGVyp8CZHvlHrNy0KIstzQfjQN9AcnlSifog0pbK6YnbssQBp5gSKorFbkkrQzevPquRshXl0KLQ1xm95GB3Mg6HqnafHnc6fZf-39lLHpwihL-TMsI3OKvusKDKj9LhteN3A_W9E1RM5oE2C9oGBjDyNcgpaFeI6qipSYCJh644lqHwtvYk&amp;__tn__=-]K-R\"><span class=\"xt0psk2\">C\u00e2mara Municipal do Funchal<\/span><\/a><\/span><\/div>\n<div dir=\"auto\"><span class=\"html-span xdj266r x14z9mp xat24cr x1lziwak xexx8yu xyri2b x18d9i69 x1c1uobl x1hl2dhg x16tdsg8 x1vvkbs\"><a class=\"x1i10hfl xjbqb8w x1ejq31n x18oe1m7 x1sy0etr xstzfhl x972fbf x10w94by x1qhh985 x14e42zd x9f619 x1ypdohk xt0psk2 x3ct3a4 xdj266r x14z9mp xat24cr x1lziwak xexx8yu xyri2b x18d9i69 x1c1uobl x16tdsg8 x1hl2dhg xggy1nq x1a2a7pz xkrqix3 x1sur9pj x1fey0fg x1s688f\" tabindex=\"0\" role=\"link\" href=\"https:\/\/www.facebook.com\/FunchalCidadeAtiva?__cft__[0]=AZYox5ZNtTctxUowGVyp8CZHvlHrNy0KIstzQfjQN9AcnlSifog0pbK6YnbssQBp5gSKorFbkkrQzevPquRshXl0KLQ1xm95GB3Mg6HqnafHnc6fZf-39lLHpwihL-TMsI3OKvusKDKj9LhteN3A_W9E1RM5oE2C9oGBjDyNcgpaFeI6qipSYCJh644lqHwtvYk&amp;__tn__=-]K-R\"><span class=\"xt0psk2\"><span class=\"xjp7ctv\">Funchal Cidade Ativa<\/span><\/span><\/a><\/span><\/div>\n<\/div>\n<div dir=\"auto\"><span class=\"html-span xdj266r x14z9mp xat24cr x1lziwak xexx8yu xyri2b x18d9i69 x1c1uobl x1hl2dhg x16tdsg8 x1vvkbs\"><a class=\"x1i10hfl xjbqb8w x1ejq31n x18oe1m7 x1sy0etr xstzfhl x972fbf x10w94by x1qhh985 x14e42zd x9f619 x1ypdohk xt0psk2 x3ct3a4 xdj266r x14z9mp xat24cr x1lziwak xexx8yu xyri2b x18d9i69 x1c1uobl x16tdsg8 x1hl2dhg xggy1nq x1a2a7pz xkrqix3 x1sur9pj x1fey0fg x1s688f\" tabindex=\"0\" role=\"link\" href=\"https:\/\/www.facebook.com\/IFCNIP?__cft__[0]=AZYgbYegalISs90jQlH3xs8d3JqLSC4gT7_mLrI8k1y924_QhjQNQjlEYvsee3yMi_o2WTSVIS6g3RdWlCNGz4wz-NHkXskdMSzNnJpzVxJRvmxzbQE03x4e4f1YTmu13qp5sXwuyJbO3N9EGcMfJmvbaZvYrsbkP5DTE0TvBgnSGHzXoTCOBMUXiw6uDf2xLVs&amp;__tn__=-]K-R\"><span class=\"xt0psk2\"><span class=\"xjp7ctv\">Instituto das Florestas e Conserva\u00e7\u00e3o da Natureza, RAM<\/span><\/span><\/a><\/span><\/div>\n<div dir=\"auto\"><span class=\"html-span xdj266r x14z9mp xat24cr x1lziwak xexx8yu xyri2b x18d9i69 x1c1uobl x1hl2dhg x16tdsg8 x1vvkbs\"><a class=\"x1i10hfl xjbqb8w x1ejq31n x18oe1m7 x1sy0etr xstzfhl x972fbf x10w94by x1qhh985 x14e42zd x9f619 x1ypdohk xt0psk2 x3ct3a4 xdj266r x14z9mp xat24cr x1lziwak xexx8yu xyri2b x18d9i69 x1c1uobl x16tdsg8 x1hl2dhg xggy1nq x1a2a7pz xkrqix3 x1sur9pj x1fey0fg x1s688f\" tabindex=\"0\" role=\"link\" href=\"https:\/\/www.facebook.com\/sportforallmadeira?__cft__[0]=AZYgbYegalISs90jQlH3xs8d3JqLSC4gT7_mLrI8k1y924_QhjQNQjlEYvsee3yMi_o2WTSVIS6g3RdWlCNGz4wz-NHkXskdMSzNnJpzVxJRvmxzbQE03x4e4f1YTmu13qp5sXwuyJbO3N9EGcMfJmvbaZvYrsbkP5DTE0TvBgnSGHzXoTCOBMUXiw6uDf2xLVs&amp;__tn__=-]K-R\"><span class=\"xt0psk2\"><span class=\"xjp7ctv\">Amdpt Desporto Para Todos<\/span><\/span><\/a><\/span><\/div>\n<div dir=\"auto\"><span class=\"html-span xdj266r x14z9mp xat24cr x1lziwak xexx8yu xyri2b x18d9i69 x1c1uobl x1hl2dhg x16tdsg8 x1vvkbs\"><a class=\"x1i10hfl xjbqb8w x1ejq31n x18oe1m7 x1sy0etr xstzfhl x972fbf x10w94by x1qhh985 x14e42zd x9f619 x1ypdohk xt0psk2 x3ct3a4 xdj266r x14z9mp xat24cr x1lziwak xexx8yu xyri2b x18d9i69 x1c1uobl x16tdsg8 x1hl2dhg xggy1nq x1a2a7pz xkrqix3 x1sur9pj x1fey0fg x1s688f\" tabindex=\"0\" role=\"link\" href=\"https:\/\/www.facebook.com\/bananadamadeira?__cft__[0]=AZYgbYegalISs90jQlH3xs8d3JqLSC4gT7_mLrI8k1y924_QhjQNQjlEYvsee3yMi_o2WTSVIS6g3RdWlCNGz4wz-NHkXskdMSzNnJpzVxJRvmxzbQE03x4e4f1YTmu13qp5sXwuyJbO3N9EGcMfJmvbaZvYrsbkP5DTE0TvBgnSGHzXoTCOBMUXiw6uDf2xLVs&amp;__tn__=-]K-R\"><span class=\"xt0psk2\"><span class=\"xjp7ctv\">Banana da Madeira<\/span><\/span><\/a><\/span><\/div>\n<div dir=\"auto\">NOS Madeira<\/div>\n<\/div>\n<div class=\"x14z9mp xat24cr x1lziwak x1vvkbs xtlvy1s x126k92a\">\n<div dir=\"auto\"><span class=\"html-span xdj266r x14z9mp xat24cr x1lziwak xexx8yu xyri2b x18d9i69 x1c1uobl x1hl2dhg x16tdsg8 x1vvkbs\"><a class=\"x1i10hfl xjbqb8w x1ejq31n x18oe1m7 x1sy0etr xstzfhl x972fbf x10w94by x1qhh985 x14e42zd x9f619 x1ypdohk xt0psk2 x3ct3a4 xdj266r x14z9mp xat24cr x1lziwak xexx8yu xyri2b x18d9i69 x1c1uobl x16tdsg8 x1hl2dhg xggy1nq x1a2a7pz xkrqix3 x1sur9pj x1fey0fg x1s688f\" tabindex=\"0\" role=\"link\" href=\"https:\/\/www.facebook.com\/hashtag\/ipdj?__eep__=6&amp;__cft__[0]=AZYgbYegalISs90jQlH3xs8d3JqLSC4gT7_mLrI8k1y924_QhjQNQjlEYvsee3yMi_o2WTSVIS6g3RdWlCNGz4wz-NHkXskdMSzNnJpzVxJRvmxzbQE03x4e4f1YTmu13qp5sXwuyJbO3N9EGcMfJmvbaZvYrsbkP5DTE0TvBgnSGHzXoTCOBMUXiw6uDf2xLVs&amp;__tn__=*NK-R\">#IPDJ<\/a><\/span>\u00a0<span class=\"html-span xdj266r x14z9mp xat24cr x1lziwak xexx8yu xyri2b x18d9i69 x1c1uobl x1hl2dhg x16tdsg8 x1vvkbs\"><a class=\"x1i10hfl xjbqb8w x1ejq31n x18oe1m7 x1sy0etr xstzfhl x972fbf x10w94by x1qhh985 x14e42zd x9f619 x1ypdohk xt0psk2 x3ct3a4 xdj266r x14z9mp xat24cr x1lziwak xexx8yu xyri2b x18d9i69 x1c1uobl x16tdsg8 x1hl2dhg xggy1nq x1a2a7pz xkrqix3 x1sur9pj x1fey0fg x1s688f\" tabindex=\"0\" role=\"link\" href=\"https:\/\/www.facebook.com\/hashtag\/clubeaventuradamadeira?__eep__=6&amp;__cft__[0]=AZYgbYegalISs90jQlH3xs8d3JqLSC4gT7_mLrI8k1y924_QhjQNQjlEYvsee3yMi_o2WTSVIS6g3RdWlCNGz4wz-NHkXskdMSzNnJpzVxJRvmxzbQE03x4e4f1YTmu13qp5sXwuyJbO3N9EGcMfJmvbaZvYrsbkP5DTE0TvBgnSGHzXoTCOBMUXiw6uDf2xLVs&amp;__tn__=*NK-R\">#clubeaventuradamadeira<\/a><\/span>\u00a0<span class=\"html-span xdj266r x14z9mp xat24cr x1lziwak xexx8yu xyri2b x18d9i69 x1c1uobl x1hl2dhg x16tdsg8 x1vvkbs\"><a class=\"x1i10hfl xjbqb8w x1ejq31n x18oe1m7 x1sy0etr xstzfhl x972fbf x10w94by x1qhh985 x14e42zd x9f619 x1ypdohk xt0psk2 x3ct3a4 xdj266r x14z9mp xat24cr x1lziwak xexx8yu xyri2b x18d9i69 x1c1uobl x16tdsg8 x1hl2dhg xggy1nq x1a2a7pz xkrqix3 x1sur9pj x1fey0fg x1s688f\" tabindex=\"0\" role=\"link\" href=\"https:\/\/www.facebook.com\/hashtag\/santacruzmadeira?__eep__=6&amp;__cft__[0]=AZYgbYegalISs90jQlH3xs8d3JqLSC4gT7_mLrI8k1y924_QhjQNQjlEYvsee3yMi_o2WTSVIS6g3RdWlCNGz4wz-NHkXskdMSzNnJpzVxJRvmxzbQE03x4e4f1YTmu13qp5sXwuyJbO3N9EGcMfJmvbaZvYrsbkP5DTE0TvBgnSGHzXoTCOBMUXiw6uDf2xLVs&amp;__tn__=*NK-R\">#santacruzmadeira<\/a><\/span>\u00a0<span class=\"html-span xdj266r x14z9mp xat24cr x1lziwak xexx8yu xyri2b x18d9i69 x1c1uobl x1hl2dhg x16tdsg8 x1vvkbs\"><a class=\"x1i10hfl xjbqb8w x1ejq31n x18oe1m7 x1sy0etr xstzfhl x972fbf x10w94by x1qhh985 x14e42zd x9f619 x1ypdohk xt0psk2 x3ct3a4 xdj266r x14z9mp xat24cr x1lziwak xexx8yu xyri2b x18d9i69 x1c1uobl x16tdsg8 x1hl2dhg xggy1nq x1a2a7pz xkrqix3 x1sur9pj x1fey0fg x1s688f\" tabindex=\"0\" role=\"link\" href=\"https:\/\/www.facebook.com\/hashtag\/montadodopereiro?__eep__=6&amp;__cft__[0]=AZYgbYegalISs90jQlH3xs8d3JqLSC4gT7_mLrI8k1y924_QhjQNQjlEYvsee3yMi_o2WTSVIS6g3RdWlCNGz4wz-NHkXskdMSzNnJpzVxJRvmxzbQE03x4e4f1YTmu13qp5sXwuyJbO3N9EGcMfJmvbaZvYrsbkP5DTE0TvBgnSGHzXoTCOBMUXiw6uDf2xLVs&amp;__tn__=*NK-R\">#montadodopereiro<\/a><\/span>\u00a0<span class=\"html-span xdj266r x14z9mp xat24cr x1lziwak xexx8yu xyri2b x18d9i69 x1c1uobl x1hl2dhg x16tdsg8 x1vvkbs\"><a class=\"x1i10hfl xjbqb8w x1ejq31n x18oe1m7 x1sy0etr xstzfhl x972fbf x10w94by x1qhh985 x14e42zd x9f619 x1ypdohk xt0psk2 x3ct3a4 xdj266r x14z9mp xat24cr x1lziwak xexx8yu xyri2b x18d9i69 x1c1uobl x16tdsg8 x1hl2dhg xggy1nq x1a2a7pz xkrqix3 x1sur9pj x1fey0fg x1s688f\" tabindex=\"0\" role=\"link\" href=\"https:\/\/www.facebook.com\/hashtag\/madeiraisland?__eep__=6&amp;__cft__[0]=AZYgbYegalISs90jQlH3xs8d3JqLSC4gT7_mLrI8k1y924_QhjQNQjlEYvsee3yMi_o2WTSVIS6g3RdWlCNGz4wz-NHkXskdMSzNnJpzVxJRvmxzbQE03x4e4f1YTmu13qp5sXwuyJbO3N9EGcMfJmvbaZvYrsbkP5DTE0TvBgnSGHzXoTCOBMUXiw6uDf2xLVs&amp;__tn__=*NK-R\">#madeiraisland<\/a><\/span>\u00a0<span class=\"html-span xdj266r x14z9mp xat24cr x1lziwak xexx8yu xyri2b x18d9i69 x1c1uobl x1hl2dhg x16tdsg8 x1vvkbs\"><a class=\"x1i10hfl xjbqb8w x1ejq31n x18oe1m7 x1sy0etr xstzfhl x972fbf x10w94by x1qhh985 x14e42zd x9f619 x1ypdohk xt0psk2 x3ct3a4 xdj266r x14z9mp xat24cr x1lziwak xexx8yu xyri2b x18d9i69 x1c1uobl x16tdsg8 x1hl2dhg xggy1nq x1a2a7pz xkrqix3 x1sur9pj x1fey0fg x1s688f\" tabindex=\"0\" role=\"link\" href=\"https:\/\/www.facebook.com\/hashtag\/visitmadeira?__eep__=6&amp;__cft__[0]=AZYgbYegalISs90jQlH3xs8d3JqLSC4gT7_mLrI8k1y924_QhjQNQjlEYvsee3yMi_o2WTSVIS6g3RdWlCNGz4wz-NHkXskdMSzNnJpzVxJRvmxzbQE03x4e4f1YTmu13qp5sXwuyJbO3N9EGcMfJmvbaZvYrsbkP5DTE0TvBgnSGHzXoTCOBMUXiw6uDf2xLVs&amp;__tn__=*NK-R\">#visitmadeira<\/a><\/span><\/div>\n<div dir=\"auto\"><img loading=\"lazy\" decoding=\"async\" class=\"aligncenter size-full wp-image-1989\" src=\"https:\/\/www.camadeira.com\/web\/wp-content\/uploads\/2026\/01\/P2710659.jpg\" alt=\"\" width=\"2259\" height=\"1642\" srcset=\"https:\/\/www.camadeira.com\/web\/wp-content\/uploads\/2026\/01\/P2710659.jpg 2259w, https:\/\/www.camadeira.com\/web\/wp-content\/uploads\/2026\/01\/P2710659-300x218.jpg 300w, https:\/\/www.camadeira.com\/web\/wp-content\/uploads\/2026\/01\/P2710659-1030x749.jpg 1030w, https:\/\/www.camadeira.com\/web\/wp-content\/uploads\/2026\/01\/P2710659-768x558.jpg 768w, https:\/\/www.camadeira.com\/web\/wp-content\/uploads\/2026\/01\/P2710659-1536x1116.jpg 1536w, https:\/\/www.camadeira.com\/web\/wp-content\/uploads\/2026\/01\/P2710659-2048x1489.jpg 2048w, https:\/\/www.camadeira.com\/web\/wp-content\/uploads\/2026\/01\/P2710659-578x420.jpg 578w, https:\/\/www.camadeira.com\/web\/wp-content\/uploads\/2026\/01\/P2710659-696x506.jpg 696w, https:\/\/www.camadeira.com\/web\/wp-content\/uploads\/2026\/01\/P2710659-1068x776.jpg 1068w, https:\/\/www.camadeira.com\/web\/wp-content\/uploads\/2026\/01\/P2710659-324x235.jpg 324w\" sizes=\"auto, (max-width: 2259px) 100vw, 2259px\" \/> <img loading=\"lazy\" decoding=\"async\" class=\"aligncenter size-full wp-image-1988\" src=\"https:\/\/www.camadeira.com\/web\/wp-content\/uploads\/2026\/01\/WhatsApp-Image-2026-01-18-at-18.17.17-2.jpeg\" alt=\"\" width=\"1530\" height=\"2040\" srcset=\"https:\/\/www.camadeira.com\/web\/wp-content\/uploads\/2026\/01\/WhatsApp-Image-2026-01-18-at-18.17.17-2.jpeg 1530w, https:\/\/www.camadeira.com\/web\/wp-content\/uploads\/2026\/01\/WhatsApp-Image-2026-01-18-at-18.17.17-2-225x300.jpeg 225w, https:\/\/www.camadeira.com\/web\/wp-content\/uploads\/2026\/01\/WhatsApp-Image-2026-01-18-at-18.17.17-2-773x1030.jpeg 773w, https:\/\/www.camadeira.com\/web\/wp-content\/uploads\/2026\/01\/WhatsApp-Image-2026-01-18-at-18.17.17-2-768x1024.jpeg 768w, https:\/\/www.camadeira.com\/web\/wp-content\/uploads\/2026\/01\/WhatsApp-Image-2026-01-18-at-18.17.17-2-1152x1536.jpeg 1152w, https:\/\/www.camadeira.com\/web\/wp-content\/uploads\/2026\/01\/WhatsApp-Image-2026-01-18-at-18.17.17-2-315x420.jpeg 315w, https:\/\/www.camadeira.com\/web\/wp-content\/uploads\/2026\/01\/WhatsApp-Image-2026-01-18-at-18.17.17-2-696x928.jpeg 696w, https:\/\/www.camadeira.com\/web\/wp-content\/uploads\/2026\/01\/WhatsApp-Image-2026-01-18-at-18.17.17-2-1068x1424.jpeg 1068w\" sizes=\"auto, (max-width: 1530px) 100vw, 1530px\" \/><\/div>\n<div dir=\"auto\"><img loading=\"lazy\" decoding=\"async\" class=\"aligncenter size-full wp-image-1991\" src=\"https:\/\/www.camadeira.com\/web\/wp-content\/uploads\/2026\/01\/P2710348.jpg\" alt=\"\" width=\"2560\" height=\"1920\" srcset=\"https:\/\/www.camadeira.com\/web\/wp-content\/uploads\/2026\/01\/P2710348.jpg 2560w, https:\/\/www.camadeira.com\/web\/wp-content\/uploads\/2026\/01\/P2710348-300x225.jpg 300w, https:\/\/www.camadeira.com\/web\/wp-content\/uploads\/2026\/01\/P2710348-1030x773.jpg 1030w, https:\/\/www.camadeira.com\/web\/wp-content\/uploads\/2026\/01\/P2710348-768x576.jpg 768w, https:\/\/www.camadeira.com\/web\/wp-content\/uploads\/2026\/01\/P2710348-1536x1152.jpg 1536w, https:\/\/www.camadeira.com\/web\/wp-content\/uploads\/2026\/01\/P2710348-2048x1536.jpg 2048w, https:\/\/www.camadeira.com\/web\/wp-content\/uploads\/2026\/01\/P2710348-560x420.jpg 560w, https:\/\/www.camadeira.com\/web\/wp-content\/uploads\/2026\/01\/P2710348-80x60.jpg 80w, https:\/\/www.camadeira.com\/web\/wp-content\/uploads\/2026\/01\/P2710348-696x522.jpg 696w, https:\/\/www.camadeira.com\/web\/wp-content\/uploads\/2026\/01\/P2710348-1068x801.jpg 1068w, https:\/\/www.camadeira.com\/web\/wp-content\/uploads\/2026\/01\/P2710348-265x198.jpg 265w\" sizes=\"auto, (max-width: 2560px) 100vw, 2560px\" \/><\/div>\n<div dir=\"auto\"><img loading=\"lazy\" decoding=\"async\" class=\"aligncenter size-full wp-image-1992\" src=\"https:\/\/www.camadeira.com\/web\/wp-content\/uploads\/2026\/01\/1.o-Montado-do-Pereiro-Esa--scaled.jpg\" alt=\"\" width=\"2560\" height=\"1812\" srcset=\"https:\/\/www.camadeira.com\/web\/wp-content\/uploads\/2026\/01\/1.o-Montado-do-Pereiro-Esa--scaled.jpg 2560w, https:\/\/www.camadeira.com\/web\/wp-content\/uploads\/2026\/01\/1.o-Montado-do-Pereiro-Esa--300x212.jpg 300w, https:\/\/www.camadeira.com\/web\/wp-content\/uploads\/2026\/01\/1.o-Montado-do-Pereiro-Esa--1030x729.jpg 1030w, https:\/\/www.camadeira.com\/web\/wp-content\/uploads\/2026\/01\/1.o-Montado-do-Pereiro-Esa--768x544.jpg 768w, https:\/\/www.camadeira.com\/web\/wp-content\/uploads\/2026\/01\/1.o-Montado-do-Pereiro-Esa--1536x1087.jpg 1536w, https:\/\/www.camadeira.com\/web\/wp-content\/uploads\/2026\/01\/1.o-Montado-do-Pereiro-Esa--2048x1449.jpg 2048w, https:\/\/www.camadeira.com\/web\/wp-content\/uploads\/2026\/01\/1.o-Montado-do-Pereiro-Esa--593x420.jpg 593w, https:\/\/www.camadeira.com\/web\/wp-content\/uploads\/2026\/01\/1.o-Montado-do-Pereiro-Esa--696x493.jpg 696w, https:\/\/www.camadeira.com\/web\/wp-content\/uploads\/2026\/01\/1.o-Montado-do-Pereiro-Esa--1068x756.jpg 1068w, https:\/\/www.camadeira.com\/web\/wp-content\/uploads\/2026\/01\/1.o-Montado-do-Pereiro-Esa--100x70.jpg 100w\" sizes=\"auto, (max-width: 2560px) 100vw, 2560px\" \/> <img loading=\"lazy\" decoding=\"async\" class=\"aligncenter size-full wp-image-1993\" src=\"https:\/\/www.camadeira.com\/web\/wp-content\/uploads\/2026\/01\/mom-17-jan-Montado-4.jpeg\" alt=\"\" width=\"1536\" height=\"2048\" srcset=\"https:\/\/www.camadeira.com\/web\/wp-content\/uploads\/2026\/01\/mom-17-jan-Montado-4.jpeg 1536w, https:\/\/www.camadeira.com\/web\/wp-content\/uploads\/2026\/01\/mom-17-jan-Montado-4-225x300.jpeg 225w, https:\/\/www.camadeira.com\/web\/wp-content\/uploads\/2026\/01\/mom-17-jan-Montado-4-773x1030.jpeg 773w, https:\/\/www.camadeira.com\/web\/wp-content\/uploads\/2026\/01\/mom-17-jan-Montado-4-768x1024.jpeg 768w, https:\/\/www.camadeira.com\/web\/wp-content\/uploads\/2026\/01\/mom-17-jan-Montado-4-1152x1536.jpeg 1152w, https:\/\/www.camadeira.com\/web\/wp-content\/uploads\/2026\/01\/mom-17-jan-Montado-4-315x420.jpeg 315w, https:\/\/www.camadeira.com\/web\/wp-content\/uploads\/2026\/01\/mom-17-jan-Montado-4-696x928.jpeg 696w, https:\/\/www.camadeira.com\/web\/wp-content\/uploads\/2026\/01\/mom-17-jan-Montado-4-1068x1424.jpeg 1068w\" sizes=\"auto, (max-width: 1536px) 100vw, 1536px\" \/> <img loading=\"lazy\" decoding=\"async\" class=\"aligncenter size-full wp-image-1994\" src=\"https:\/\/www.camadeira.com\/web\/wp-content\/uploads\/2026\/01\/mom-17-jan-Montado.jpeg\" alt=\"\" width=\"1530\" height=\"2040\" srcset=\"https:\/\/www.camadeira.com\/web\/wp-content\/uploads\/2026\/01\/mom-17-jan-Montado.jpeg 1530w, https:\/\/www.camadeira.com\/web\/wp-content\/uploads\/2026\/01\/mom-17-jan-Montado-225x300.jpeg 225w, https:\/\/www.camadeira.com\/web\/wp-content\/uploads\/2026\/01\/mom-17-jan-Montado-773x1030.jpeg 773w, https:\/\/www.camadeira.com\/web\/wp-content\/uploads\/2026\/01\/mom-17-jan-Montado-768x1024.jpeg 768w, https:\/\/www.camadeira.com\/web\/wp-content\/uploads\/2026\/01\/mom-17-jan-Montado-1152x1536.jpeg 1152w, https:\/\/www.camadeira.com\/web\/wp-content\/uploads\/2026\/01\/mom-17-jan-Montado-315x420.jpeg 315w, https:\/\/www.camadeira.com\/web\/wp-content\/uploads\/2026\/01\/mom-17-jan-Montado-696x928.jpeg 696w, https:\/\/www.camadeira.com\/web\/wp-content\/uploads\/2026\/01\/mom-17-jan-Montado-1068x1424.jpeg 1068w\" sizes=\"auto, (max-width: 1530px) 100vw, 1530px\" \/> <img loading=\"lazy\" decoding=\"async\" class=\"aligncenter size-full wp-image-1995\" src=\"https:\/\/www.camadeira.com\/web\/wp-content\/uploads\/2026\/01\/P2710780.jpg\" alt=\"\" width=\"2560\" height=\"1920\" srcset=\"https:\/\/www.camadeira.com\/web\/wp-content\/uploads\/2026\/01\/P2710780.jpg 2560w, https:\/\/www.camadeira.com\/web\/wp-content\/uploads\/2026\/01\/P2710780-300x225.jpg 300w, https:\/\/www.camadeira.com\/web\/wp-content\/uploads\/2026\/01\/P2710780-1030x773.jpg 1030w, https:\/\/www.camadeira.com\/web\/wp-content\/uploads\/2026\/01\/P2710780-768x576.jpg 768w, https:\/\/www.camadeira.com\/web\/wp-content\/uploads\/2026\/01\/P2710780-1536x1152.jpg 1536w, https:\/\/www.camadeira.com\/web\/wp-content\/uploads\/2026\/01\/P2710780-2048x1536.jpg 2048w, https:\/\/www.camadeira.com\/web\/wp-content\/uploads\/2026\/01\/P2710780-560x420.jpg 560w, https:\/\/www.camadeira.com\/web\/wp-content\/uploads\/2026\/01\/P2710780-80x60.jpg 80w, https:\/\/www.camadeira.com\/web\/wp-content\/uploads\/2026\/01\/P2710780-696x522.jpg 696w, https:\/\/www.camadeira.com\/web\/wp-content\/uploads\/2026\/01\/P2710780-1068x801.jpg 1068w, https:\/\/www.camadeira.com\/web\/wp-content\/uploads\/2026\/01\/P2710780-265x198.jpg 265w\" sizes=\"auto, (max-width: 2560px) 100vw, 2560px\" \/> <img loading=\"lazy\" decoding=\"async\" class=\"aligncenter size-full wp-image-1996\" src=\"https:\/\/www.camadeira.com\/web\/wp-content\/uploads\/2026\/01\/P2710855.jpg\" alt=\"\" width=\"2560\" height=\"1920\" srcset=\"https:\/\/www.camadeira.com\/web\/wp-content\/uploads\/2026\/01\/P2710855.jpg 2560w, https:\/\/www.camadeira.com\/web\/wp-content\/uploads\/2026\/01\/P2710855-300x225.jpg 300w, https:\/\/www.camadeira.com\/web\/wp-content\/uploads\/2026\/01\/P2710855-1030x773.jpg 1030w, https:\/\/www.camadeira.com\/web\/wp-content\/uploads\/2026\/01\/P2710855-768x576.jpg 768w, https:\/\/www.camadeira.com\/web\/wp-content\/uploads\/2026\/01\/P2710855-1536x1152.jpg 1536w, https:\/\/www.camadeira.com\/web\/wp-content\/uploads\/2026\/01\/P2710855-2048x1536.jpg 2048w, https:\/\/www.camadeira.com\/web\/wp-content\/uploads\/2026\/01\/P2710855-560x420.jpg 560w, https:\/\/www.camadeira.com\/web\/wp-content\/uploads\/2026\/01\/P2710855-80x60.jpg 80w, https:\/\/www.camadeira.com\/web\/wp-content\/uploads\/2026\/01\/P2710855-696x522.jpg 696w, https:\/\/www.camadeira.com\/web\/wp-content\/uploads\/2026\/01\/P2710855-1068x801.jpg 1068w, https:\/\/www.camadeira.com\/web\/wp-content\/uploads\/2026\/01\/P2710855-265x198.jpg 265w\" sizes=\"auto, (max-width: 2560px) 100vw, 2560px\" \/><\/div>\n<\/div>\n","protected":false},"excerpt":{"rendered":"<p>A 14.\u00aa Edi\u00e7\u00e3o do Madeira Orienteering Meeting contou com duas etapas , uma em ambiente urbano na cidade do Funchal na noite de dia 16 de janeiro, com 272 participantes [&hellip;]<\/p>\n","protected":false},"author":1,"featured_media":1988,"comment_status":"closed","ping_status":"closed","sticky":false,"template":"","format":"standard","meta":{"footnotes":""},"categories":[1],"tags":[],"class_list":["post-1987","post","type-post","status-publish","format-standard","has-post-thumbnail","category-sem-categoria"],"yoast_head":"<!-- This site is optimized with the Yoast SEO plugin v26.7 - https:\/\/yoast.com\/wordpress\/plugins\/seo\/ -->\n<title>Esa Huttunen e Dana Honzakova venceram na floresta no XIV Madeira Orienteering Meeting - Clube Aventura da Madeira<\/title>\n<meta name=\"description\" content=\"XIV Madeira Orienteering Meeting - 16 e 17 Janeiro 2026\" \/>\n<meta name=\"robots\" content=\"index, follow, max-snippet:-1, max-image-preview:large, max-video-preview:-1\" \/>\n<link rel=\"canonical\" href=\"https:\/\/www.camadeira.com\/web\/esa-huttunen-e-dana-honzakova-venceram-na-floresta-no-xiv-madeira-orienteering-meeting\/\" \/>\n<meta property=\"og:locale\" content=\"pt_PT\" \/>\n<meta property=\"og:type\" content=\"article\" \/>\n<meta property=\"og:title\" content=\"Esa Huttunen e Dana Honzakova venceram na floresta no XIV Madeira Orienteering Meeting - Clube Aventura da Madeira\" \/>\n<meta property=\"og:description\" content=\"XIV Madeira Orienteering Meeting - 16 e 17 Janeiro 2026\" \/>\n<meta property=\"og:url\" content=\"https:\/\/www.camadeira.com\/web\/esa-huttunen-e-dana-honzakova-venceram-na-floresta-no-xiv-madeira-orienteering-meeting\/\" \/>\n<meta property=\"og:site_name\" content=\"Clube Aventura da Madeira\" \/>\n<meta property=\"article:publisher\" content=\"https:\/\/www.facebook.com\/CAMadeira\" \/>\n<meta property=\"article:published_time\" content=\"2026-01-21T11:52:38+00:00\" \/>\n<meta property=\"article:modified_time\" content=\"2026-01-21T11:52:43+00:00\" \/>\n<meta property=\"og:image\" content=\"https:\/\/www.camadeira.com\/web\/wp-content\/uploads\/2026\/01\/WhatsApp-Image-2026-01-18-at-18.17.17-2.jpeg\" \/>\n\t<meta property=\"og:image:width\" content=\"1530\" \/>\n\t<meta property=\"og:image:height\" content=\"2040\" \/>\n\t<meta property=\"og:image:type\" content=\"image\/jpeg\" \/>\n<meta name=\"author\" content=\"admin\" \/>\n<meta name=\"twitter:card\" content=\"summary_large_image\" \/>\n<meta name=\"twitter:label1\" content=\"Escrito por\" \/>\n\t<meta name=\"twitter:data1\" content=\"admin\" \/>\n\t<meta name=\"twitter:label2\" content=\"Tempo estimado de leitura\" \/>\n\t<meta name=\"twitter:data2\" content=\"6 minutos\" \/>\n<script type=\"application\/ld+json\" class=\"yoast-schema-graph\">{\"@context\":\"https:\/\/schema.org\",\"@graph\":[{\"@type\":\"Article\",\"@id\":\"https:\/\/www.camadeira.com\/web\/esa-huttunen-e-dana-honzakova-venceram-na-floresta-no-xiv-madeira-orienteering-meeting\/#article\",\"isPartOf\":{\"@id\":\"https:\/\/www.camadeira.com\/web\/esa-huttunen-e-dana-honzakova-venceram-na-floresta-no-xiv-madeira-orienteering-meeting\/\"},\"author\":{\"name\":\"admin\",\"@id\":\"https:\/\/www.camadeira.com\/web\/#\/schema\/person\/8903a677f0fa358bc7c1bce3ea676ac8\"},\"headline\":\"Esa Huttunen e Dana Honzakova venceram na floresta no XIV Madeira Orienteering Meeting\",\"datePublished\":\"2026-01-21T11:52:38+00:00\",\"dateModified\":\"2026-01-21T11:52:43+00:00\",\"mainEntityOfPage\":{\"@id\":\"https:\/\/www.camadeira.com\/web\/esa-huttunen-e-dana-honzakova-venceram-na-floresta-no-xiv-madeira-orienteering-meeting\/\"},\"wordCount\":627,\"publisher\":{\"@id\":\"https:\/\/www.camadeira.com\/web\/#organization\"},\"image\":{\"@id\":\"https:\/\/www.camadeira.com\/web\/esa-huttunen-e-dana-honzakova-venceram-na-floresta-no-xiv-madeira-orienteering-meeting\/#primaryimage\"},\"thumbnailUrl\":\"https:\/\/www.camadeira.com\/web\/wp-content\/uploads\/2026\/01\/WhatsApp-Image-2026-01-18-at-18.17.17-2.jpeg\",\"inLanguage\":\"pt-PT\"},{\"@type\":\"WebPage\",\"@id\":\"https:\/\/www.camadeira.com\/web\/esa-huttunen-e-dana-honzakova-venceram-na-floresta-no-xiv-madeira-orienteering-meeting\/\",\"url\":\"https:\/\/www.camadeira.com\/web\/esa-huttunen-e-dana-honzakova-venceram-na-floresta-no-xiv-madeira-orienteering-meeting\/\",\"name\":\"Esa Huttunen e Dana Honzakova venceram na floresta no XIV Madeira Orienteering Meeting - Clube Aventura da Madeira\",\"isPartOf\":{\"@id\":\"https:\/\/www.camadeira.com\/web\/#website\"},\"primaryImageOfPage\":{\"@id\":\"https:\/\/www.camadeira.com\/web\/esa-huttunen-e-dana-honzakova-venceram-na-floresta-no-xiv-madeira-orienteering-meeting\/#primaryimage\"},\"image\":{\"@id\":\"https:\/\/www.camadeira.com\/web\/esa-huttunen-e-dana-honzakova-venceram-na-floresta-no-xiv-madeira-orienteering-meeting\/#primaryimage\"},\"thumbnailUrl\":\"https:\/\/www.camadeira.com\/web\/wp-content\/uploads\/2026\/01\/WhatsApp-Image-2026-01-18-at-18.17.17-2.jpeg\",\"datePublished\":\"2026-01-21T11:52:38+00:00\",\"dateModified\":\"2026-01-21T11:52:43+00:00\",\"description\":\"XIV Madeira Orienteering Meeting - 16 e 17 Janeiro 2026\",\"breadcrumb\":{\"@id\":\"https:\/\/www.camadeira.com\/web\/esa-huttunen-e-dana-honzakova-venceram-na-floresta-no-xiv-madeira-orienteering-meeting\/#breadcrumb\"},\"inLanguage\":\"pt-PT\",\"potentialAction\":[{\"@type\":\"ReadAction\",\"target\":[\"https:\/\/www.camadeira.com\/web\/esa-huttunen-e-dana-honzakova-venceram-na-floresta-no-xiv-madeira-orienteering-meeting\/\"]}]},{\"@type\":\"ImageObject\",\"inLanguage\":\"pt-PT\",\"@id\":\"https:\/\/www.camadeira.com\/web\/esa-huttunen-e-dana-honzakova-venceram-na-floresta-no-xiv-madeira-orienteering-meeting\/#primaryimage\",\"url\":\"https:\/\/www.camadeira.com\/web\/wp-content\/uploads\/2026\/01\/WhatsApp-Image-2026-01-18-at-18.17.17-2.jpeg\",\"contentUrl\":\"https:\/\/www.camadeira.com\/web\/wp-content\/uploads\/2026\/01\/WhatsApp-Image-2026-01-18-at-18.17.17-2.jpeg\",\"width\":1530,\"height\":2040},{\"@type\":\"BreadcrumbList\",\"@id\":\"https:\/\/www.camadeira.com\/web\/esa-huttunen-e-dana-honzakova-venceram-na-floresta-no-xiv-madeira-orienteering-meeting\/#breadcrumb\",\"itemListElement\":[{\"@type\":\"ListItem\",\"position\":1,\"name\":\"In\u00edcio\",\"item\":\"https:\/\/www.camadeira.com\/web\/\"},{\"@type\":\"ListItem\",\"position\":2,\"name\":\"Esa Huttunen e Dana Honzakova venceram na floresta no XIV Madeira Orienteering Meeting\"}]},{\"@type\":\"WebSite\",\"@id\":\"https:\/\/www.camadeira.com\/web\/#website\",\"url\":\"https:\/\/www.camadeira.com\/web\/\",\"name\":\"Clube Aventura da Madeira\",\"description\":\"Clube Aventura da Madeira\",\"publisher\":{\"@id\":\"https:\/\/www.camadeira.com\/web\/#organization\"},\"potentialAction\":[{\"@type\":\"SearchAction\",\"target\":{\"@type\":\"EntryPoint\",\"urlTemplate\":\"https:\/\/www.camadeira.com\/web\/?s={search_term_string}\"},\"query-input\":{\"@type\":\"PropertyValueSpecification\",\"valueRequired\":true,\"valueName\":\"search_term_string\"}}],\"inLanguage\":\"pt-PT\"},{\"@type\":\"Organization\",\"@id\":\"https:\/\/www.camadeira.com\/web\/#organization\",\"name\":\"Clube Aventura da Madeira\",\"url\":\"https:\/\/www.camadeira.com\/web\/\",\"logo\":{\"@type\":\"ImageObject\",\"inLanguage\":\"pt-PT\",\"@id\":\"https:\/\/www.camadeira.com\/web\/#\/schema\/logo\/image\/\",\"url\":\"https:\/\/www.camadeira.com\/web\/wp-content\/uploads\/2017\/08\/logoCAMadeiraSite.png\",\"contentUrl\":\"https:\/\/www.camadeira.com\/web\/wp-content\/uploads\/2017\/08\/logoCAMadeiraSite.png\",\"width\":340,\"height\":156,\"caption\":\"Clube Aventura da Madeira\"},\"image\":{\"@id\":\"https:\/\/www.camadeira.com\/web\/#\/schema\/logo\/image\/\"},\"sameAs\":[\"https:\/\/www.facebook.com\/CAMadeira\"]},{\"@type\":\"Person\",\"@id\":\"https:\/\/www.camadeira.com\/web\/#\/schema\/person\/8903a677f0fa358bc7c1bce3ea676ac8\",\"name\":\"admin\",\"image\":{\"@type\":\"ImageObject\",\"inLanguage\":\"pt-PT\",\"@id\":\"https:\/\/www.camadeira.com\/web\/#\/schema\/person\/image\/\",\"url\":\"https:\/\/secure.gravatar.com\/avatar\/ade04a5bc31d350da38e6a2ded5f4d0dda4e44d1e847bc64b0de9708a879bbe6?s=96&d=mm&r=g\",\"contentUrl\":\"https:\/\/secure.gravatar.com\/avatar\/ade04a5bc31d350da38e6a2ded5f4d0dda4e44d1e847bc64b0de9708a879bbe6?s=96&d=mm&r=g\",\"caption\":\"admin\"},\"url\":\"https:\/\/www.camadeira.com\/web\/author\/admin\/\"}]}<\/script>\n<!-- \/ Yoast SEO plugin. -->","yoast_head_json":{"title":"Esa Huttunen e Dana Honzakova venceram na floresta no XIV Madeira Orienteering Meeting - Clube Aventura da Madeira","description":"XIV Madeira Orienteering Meeting - 16 e 17 Janeiro 2026","robots":{"index":"index","follow":"follow","max-snippet":"max-snippet:-1","max-image-preview":"max-image-preview:large","max-video-preview":"max-video-preview:-1"},"canonical":"https:\/\/www.camadeira.com\/web\/esa-huttunen-e-dana-honzakova-venceram-na-floresta-no-xiv-madeira-orienteering-meeting\/","og_locale":"pt_PT","og_type":"article","og_title":"Esa Huttunen e Dana Honzakova venceram na floresta no XIV Madeira Orienteering Meeting - Clube Aventura da Madeira","og_description":"XIV Madeira Orienteering Meeting - 16 e 17 Janeiro 2026","og_url":"https:\/\/www.camadeira.com\/web\/esa-huttunen-e-dana-honzakova-venceram-na-floresta-no-xiv-madeira-orienteering-meeting\/","og_site_name":"Clube Aventura da Madeira","article_publisher":"https:\/\/www.facebook.com\/CAMadeira","article_published_time":"2026-01-21T11:52:38+00:00","article_modified_time":"2026-01-21T11:52:43+00:00","og_image":[{"width":1530,"height":2040,"url":"https:\/\/www.camadeira.com\/web\/wp-content\/uploads\/2026\/01\/WhatsApp-Image-2026-01-18-at-18.17.17-2.jpeg","type":"image\/jpeg"}],"author":"admin","twitter_card":"summary_large_image","twitter_misc":{"Escrito por":"admin","Tempo estimado de leitura":"6 minutos"},"schema":{"@context":"https:\/\/schema.org","@graph":[{"@type":"Article","@id":"https:\/\/www.camadeira.com\/web\/esa-huttunen-e-dana-honzakova-venceram-na-floresta-no-xiv-madeira-orienteering-meeting\/#article","isPartOf":{"@id":"https:\/\/www.camadeira.com\/web\/esa-huttunen-e-dana-honzakova-venceram-na-floresta-no-xiv-madeira-orienteering-meeting\/"},"author":{"name":"admin","@id":"https:\/\/www.camadeira.com\/web\/#\/schema\/person\/8903a677f0fa358bc7c1bce3ea676ac8"},"headline":"Esa Huttunen e Dana Honzakova venceram na floresta no XIV Madeira Orienteering Meeting","datePublished":"2026-01-21T11:52:38+00:00","dateModified":"2026-01-21T11:52:43+00:00","mainEntityOfPage":{"@id":"https:\/\/www.camadeira.com\/web\/esa-huttunen-e-dana-honzakova-venceram-na-floresta-no-xiv-madeira-orienteering-meeting\/"},"wordCount":627,"publisher":{"@id":"https:\/\/www.camadeira.com\/web\/#organization"},"image":{"@id":"https:\/\/www.camadeira.com\/web\/esa-huttunen-e-dana-honzakova-venceram-na-floresta-no-xiv-madeira-orienteering-meeting\/#primaryimage"},"thumbnailUrl":"https:\/\/www.camadeira.com\/web\/wp-content\/uploads\/2026\/01\/WhatsApp-Image-2026-01-18-at-18.17.17-2.jpeg","inLanguage":"pt-PT"},{"@type":"WebPage","@id":"https:\/\/www.camadeira.com\/web\/esa-huttunen-e-dana-honzakova-venceram-na-floresta-no-xiv-madeira-orienteering-meeting\/","url":"https:\/\/www.camadeira.com\/web\/esa-huttunen-e-dana-honzakova-venceram-na-floresta-no-xiv-madeira-orienteering-meeting\/","name":"Esa Huttunen e Dana Honzakova venceram na floresta no XIV Madeira Orienteering Meeting - Clube Aventura da Madeira","isPartOf":{"@id":"https:\/\/www.camadeira.com\/web\/#website"},"primaryImageOfPage":{"@id":"https:\/\/www.camadeira.com\/web\/esa-huttunen-e-dana-honzakova-venceram-na-floresta-no-xiv-madeira-orienteering-meeting\/#primaryimage"},"image":{"@id":"https:\/\/www.camadeira.com\/web\/esa-huttunen-e-dana-honzakova-venceram-na-floresta-no-xiv-madeira-orienteering-meeting\/#primaryimage"},"thumbnailUrl":"https:\/\/www.camadeira.com\/web\/wp-content\/uploads\/2026\/01\/WhatsApp-Image-2026-01-18-at-18.17.17-2.jpeg","datePublished":"2026-01-21T11:52:38+00:00","dateModified":"2026-01-21T11:52:43+00:00","description":"XIV Madeira Orienteering Meeting - 16 e 17 Janeiro 2026","breadcrumb":{"@id":"https:\/\/www.camadeira.com\/web\/esa-huttunen-e-dana-honzakova-venceram-na-floresta-no-xiv-madeira-orienteering-meeting\/#breadcrumb"},"inLanguage":"pt-PT","potentialAction":[{"@type":"ReadAction","target":["https:\/\/www.camadeira.com\/web\/esa-huttunen-e-dana-honzakova-venceram-na-floresta-no-xiv-madeira-orienteering-meeting\/"]}]},{"@type":"ImageObject","inLanguage":"pt-PT","@id":"https:\/\/www.camadeira.com\/web\/esa-huttunen-e-dana-honzakova-venceram-na-floresta-no-xiv-madeira-orienteering-meeting\/#primaryimage","url":"https:\/\/www.camadeira.com\/web\/wp-content\/uploads\/2026\/01\/WhatsApp-Image-2026-01-18-at-18.17.17-2.jpeg","contentUrl":"https:\/\/www.camadeira.com\/web\/wp-content\/uploads\/2026\/01\/WhatsApp-Image-2026-01-18-at-18.17.17-2.jpeg","width":1530,"height":2040},{"@type":"BreadcrumbList","@id":"https:\/\/www.camadeira.com\/web\/esa-huttunen-e-dana-honzakova-venceram-na-floresta-no-xiv-madeira-orienteering-meeting\/#breadcrumb","itemListElement":[{"@type":"ListItem","position":1,"name":"In\u00edcio","item":"https:\/\/www.camadeira.com\/web\/"},{"@type":"ListItem","position":2,"name":"Esa Huttunen e Dana Honzakova venceram na floresta no XIV Madeira Orienteering Meeting"}]},{"@type":"WebSite","@id":"https:\/\/www.camadeira.com\/web\/#website","url":"https:\/\/www.camadeira.com\/web\/","name":"Clube Aventura da Madeira","description":"Clube Aventura da Madeira","publisher":{"@id":"https:\/\/www.camadeira.com\/web\/#organization"},"potentialAction":[{"@type":"SearchAction","target":{"@type":"EntryPoint","urlTemplate":"https:\/\/www.camadeira.com\/web\/?s={search_term_string}"},"query-input":{"@type":"PropertyValueSpecification","valueRequired":true,"valueName":"search_term_string"}}],"inLanguage":"pt-PT"},{"@type":"Organization","@id":"https:\/\/www.camadeira.com\/web\/#organization","name":"Clube Aventura da Madeira","url":"https:\/\/www.camadeira.com\/web\/","logo":{"@type":"ImageObject","inLanguage":"pt-PT","@id":"https:\/\/www.camadeira.com\/web\/#\/schema\/logo\/image\/","url":"https:\/\/www.camadeira.com\/web\/wp-content\/uploads\/2017\/08\/logoCAMadeiraSite.png","contentUrl":"https:\/\/www.camadeira.com\/web\/wp-content\/uploads\/2017\/08\/logoCAMadeiraSite.png","width":340,"height":156,"caption":"Clube Aventura da Madeira"},"image":{"@id":"https:\/\/www.camadeira.com\/web\/#\/schema\/logo\/image\/"},"sameAs":["https:\/\/www.facebook.com\/CAMadeira"]},{"@type":"Person","@id":"https:\/\/www.camadeira.com\/web\/#\/schema\/person\/8903a677f0fa358bc7c1bce3ea676ac8","name":"admin","image":{"@type":"ImageObject","inLanguage":"pt-PT","@id":"https:\/\/www.camadeira.com\/web\/#\/schema\/person\/image\/","url":"https:\/\/secure.gravatar.com\/avatar\/ade04a5bc31d350da38e6a2ded5f4d0dda4e44d1e847bc64b0de9708a879bbe6?s=96&d=mm&r=g","contentUrl":"https:\/\/secure.gravatar.com\/avatar\/ade04a5bc31d350da38e6a2ded5f4d0dda4e44d1e847bc64b0de9708a879bbe6?s=96&d=mm&r=g","caption":"admin"},"url":"https:\/\/www.camadeira.com\/web\/author\/admin\/"}]}},"_links":{"self":[{"href":"https:\/\/www.camadeira.com\/web\/wp-json\/wp\/v2\/posts\/1987","targetHints":{"allow":["GET"]}}],"collection":[{"href":"https:\/\/www.camadeira.com\/web\/wp-json\/wp\/v2\/posts"}],"about":[{"href":"https:\/\/www.camadeira.com\/web\/wp-json\/wp\/v2\/types\/post"}],"author":[{"embeddable":true,"href":"https:\/\/www.camadeira.com\/web\/wp-json\/wp\/v2\/users\/1"}],"replies":[{"embeddable":true,"href":"https:\/\/www.camadeira.com\/web\/wp-json\/wp\/v2\/comments?post=1987"}],"version-history":[{"count":1,"href":"https:\/\/www.camadeira.com\/web\/wp-json\/wp\/v2\/posts\/1987\/revisions"}],"predecessor-version":[{"id":1997,"href":"https:\/\/www.camadeira.com\/web\/wp-json\/wp\/v2\/posts\/1987\/revisions\/1997"}],"wp:featuredmedia":[{"embeddable":true,"href":"https:\/\/www.camadeira.com\/web\/wp-json\/wp\/v2\/media\/1988"}],"wp:attachment":[{"href":"https:\/\/www.camadeira.com\/web\/wp-json\/wp\/v2\/media?parent=1987"}],"wp:term":[{"taxonomy":"category","embeddable":true,"href":"https:\/\/www.camadeira.com\/web\/wp-json\/wp\/v2\/categories?post=1987"},{"taxonomy":"post_tag","embeddable":true,"href":"https:\/\/www.camadeira.com\/web\/wp-json\/wp\/v2\/tags?post=1987"}],"curies":[{"name":"wp","href":"https:\/\/api.w.org\/{rel}","templated":true}]}}