{"id":934,"date":"2018-06-12T00:36:56","date_gmt":"2018-06-12T00:36:56","guid":{"rendered":"http:\/\/www.camadeira.com\/web\/?p=934"},"modified":"2019-06-07T23:21:00","modified_gmt":"2019-06-07T23:21:00","slug":"funchal-skyrace-2018","status":"publish","type":"post","link":"https:\/\/www.camadeira.com\/web\/funchal-skyrace-2018\/","title":{"rendered":"Funchal Skyrace 2018"},"content":{"rendered":"<p>Alguns dos melhores skyrunners nacionais j\u00e1 confirmaram a sua inscri\u00e7\u00e3o no campeonato nacional de Skyrace!<\/p>\n<ul>\n<li><a href=\"http:\/\/skyrunning.camadeira.com\/\" target=\"_blank\" rel=\"noopener noreferrer\">Mais informa\u00e7\u00f5es<\/a><\/li>\n<\/ul>\n","protected":false},"excerpt":{"rendered":"<p>Alguns dos melhores skyrunners nacionais j\u00e1 confirmaram a sua inscri\u00e7\u00e3o no campeonato nacional de Skyrace! Mais informa\u00e7\u00f5es<\/p>\n","protected":false},"author":1,"featured_media":935,"comment_status":"closed","ping_status":"closed","sticky":false,"template":"","format":"standard","meta":{"footnotes":""},"categories":[39],"tags":[70,72],"class_list":["post-934","post","type-post","status-publish","format-standard","has-post-thumbnail","category-skyrunning","tag-funchal","tag-skyrace"],"yoast_head":"<!-- This site is optimized with the Yoast SEO plugin v26.7 - https:\/\/yoast.com\/wordpress\/plugins\/seo\/ -->\n<title>Funchal Skyrace 2018 - Clube Aventura da Madeira<\/title>\n<meta name=\"robots\" content=\"index, follow, max-snippet:-1, max-image-preview:large, max-video-preview:-1\" \/>\n<link rel=\"canonical\" href=\"https:\/\/www.camadeira.com\/web\/funchal-skyrace-2018\/\" \/>\n<meta property=\"og:locale\" content=\"pt_PT\" \/>\n<meta property=\"og:type\" content=\"article\" \/>\n<meta property=\"og:title\" content=\"Funchal Skyrace 2018 - Clube Aventura da Madeira\" \/>\n<meta property=\"og:description\" content=\"Alguns dos melhores skyrunners nacionais j\u00e1 confirmaram a sua inscri\u00e7\u00e3o no campeonato nacional de Skyrace! Mais informa\u00e7\u00f5es\" \/>\n<meta property=\"og:url\" content=\"https:\/\/www.camadeira.com\/web\/funchal-skyrace-2018\/\" \/>\n<meta property=\"og:site_name\" content=\"Clube Aventura da Madeira\" \/>\n<meta property=\"article:publisher\" content=\"https:\/\/www.facebook.com\/CAMadeira\" \/>\n<meta property=\"article:published_time\" content=\"2018-06-12T00:36:56+00:00\" \/>\n<meta property=\"article:modified_time\" content=\"2019-06-07T23:21:00+00:00\" \/>\n<meta property=\"og:image\" content=\"https:\/\/www.camadeira.com\/web\/wp-content\/uploads\/2018\/06\/FXSR18_A4_2rgb.jpg\" \/>\n\t<meta property=\"og:image:width\" content=\"450\" \/>\n\t<meta property=\"og:image:height\" content=\"637\" \/>\n\t<meta property=\"og:image:type\" content=\"image\/jpeg\" \/>\n<meta name=\"author\" content=\"admin\" \/>\n<meta name=\"twitter:card\" content=\"summary_large_image\" \/>\n<meta name=\"twitter:label1\" content=\"Escrito por\" \/>\n\t<meta name=\"twitter:data1\" content=\"admin\" \/>\n<script type=\"application\/ld+json\" class=\"yoast-schema-graph\">{\"@context\":\"https:\/\/schema.org\",\"@graph\":[{\"@type\":\"Article\",\"@id\":\"https:\/\/www.camadeira.com\/web\/funchal-skyrace-2018\/#article\",\"isPartOf\":{\"@id\":\"https:\/\/www.camadeira.com\/web\/funchal-skyrace-2018\/\"},\"author\":{\"name\":\"admin\",\"@id\":\"https:\/\/www.camadeira.com\/web\/#\/schema\/person\/8903a677f0fa358bc7c1bce3ea676ac8\"},\"headline\":\"Funchal Skyrace 2018\",\"datePublished\":\"2018-06-12T00:36:56+00:00\",\"dateModified\":\"2019-06-07T23:21:00+00:00\",\"mainEntityOfPage\":{\"@id\":\"https:\/\/www.camadeira.com\/web\/funchal-skyrace-2018\/\"},\"wordCount\":21,\"publisher\":{\"@id\":\"https:\/\/www.camadeira.com\/web\/#organization\"},\"image\":{\"@id\":\"https:\/\/www.camadeira.com\/web\/funchal-skyrace-2018\/#primaryimage\"},\"thumbnailUrl\":\"https:\/\/www.camadeira.com\/web\/wp-content\/uploads\/2018\/06\/FXSR18_A4_2rgb.jpg\",\"keywords\":[\"Funchal\",\"SkyRace\"],\"articleSection\":[\"Skyrunning\"],\"inLanguage\":\"pt-PT\"},{\"@type\":\"WebPage\",\"@id\":\"https:\/\/www.camadeira.com\/web\/funchal-skyrace-2018\/\",\"url\":\"https:\/\/www.camadeira.com\/web\/funchal-skyrace-2018\/\",\"name\":\"Funchal Skyrace 2018 - Clube Aventura da Madeira\",\"isPartOf\":{\"@id\":\"https:\/\/www.camadeira.com\/web\/#website\"},\"primaryImageOfPage\":{\"@id\":\"https:\/\/www.camadeira.com\/web\/funchal-skyrace-2018\/#primaryimage\"},\"image\":{\"@id\":\"https:\/\/www.camadeira.com\/web\/funchal-skyrace-2018\/#primaryimage\"},\"thumbnailUrl\":\"https:\/\/www.camadeira.com\/web\/wp-content\/uploads\/2018\/06\/FXSR18_A4_2rgb.jpg\",\"datePublished\":\"2018-06-12T00:36:56+00:00\",\"dateModified\":\"2019-06-07T23:21:00+00:00\",\"breadcrumb\":{\"@id\":\"https:\/\/www.camadeira.com\/web\/funchal-skyrace-2018\/#breadcrumb\"},\"inLanguage\":\"pt-PT\",\"potentialAction\":[{\"@type\":\"ReadAction\",\"target\":[\"https:\/\/www.camadeira.com\/web\/funchal-skyrace-2018\/\"]}]},{\"@type\":\"ImageObject\",\"inLanguage\":\"pt-PT\",\"@id\":\"https:\/\/www.camadeira.com\/web\/funchal-skyrace-2018\/#primaryimage\",\"url\":\"https:\/\/www.camadeira.com\/web\/wp-content\/uploads\/2018\/06\/FXSR18_A4_2rgb.jpg\",\"contentUrl\":\"https:\/\/www.camadeira.com\/web\/wp-content\/uploads\/2018\/06\/FXSR18_A4_2rgb.jpg\",\"width\":450,\"height\":637},{\"@type\":\"BreadcrumbList\",\"@id\":\"https:\/\/www.camadeira.com\/web\/funchal-skyrace-2018\/#breadcrumb\",\"itemListElement\":[{\"@type\":\"ListItem\",\"position\":1,\"name\":\"In\u00edcio\",\"item\":\"https:\/\/www.camadeira.com\/web\/\"},{\"@type\":\"ListItem\",\"position\":2,\"name\":\"Funchal Skyrace 2018\"}]},{\"@type\":\"WebSite\",\"@id\":\"https:\/\/www.camadeira.com\/web\/#website\",\"url\":\"https:\/\/www.camadeira.com\/web\/\",\"name\":\"Clube Aventura da Madeira\",\"description\":\"Clube Aventura da Madeira\",\"publisher\":{\"@id\":\"https:\/\/www.camadeira.com\/web\/#organization\"},\"potentialAction\":[{\"@type\":\"SearchAction\",\"target\":{\"@type\":\"EntryPoint\",\"urlTemplate\":\"https:\/\/www.camadeira.com\/web\/?s={search_term_string}\"},\"query-input\":{\"@type\":\"PropertyValueSpecification\",\"valueRequired\":true,\"valueName\":\"search_term_string\"}}],\"inLanguage\":\"pt-PT\"},{\"@type\":\"Organization\",\"@id\":\"https:\/\/www.camadeira.com\/web\/#organization\",\"name\":\"Clube Aventura da Madeira\",\"url\":\"https:\/\/www.camadeira.com\/web\/\",\"logo\":{\"@type\":\"ImageObject\",\"inLanguage\":\"pt-PT\",\"@id\":\"https:\/\/www.camadeira.com\/web\/#\/schema\/logo\/image\/\",\"url\":\"https:\/\/www.camadeira.com\/web\/wp-content\/uploads\/2017\/08\/logoCAMadeiraSite.png\",\"contentUrl\":\"https:\/\/www.camadeira.com\/web\/wp-content\/uploads\/2017\/08\/logoCAMadeiraSite.png\",\"width\":340,\"height\":156,\"caption\":\"Clube Aventura da Madeira\"},\"image\":{\"@id\":\"https:\/\/www.camadeira.com\/web\/#\/schema\/logo\/image\/\"},\"sameAs\":[\"https:\/\/www.facebook.com\/CAMadeira\"]},{\"@type\":\"Person\",\"@id\":\"https:\/\/www.camadeira.com\/web\/#\/schema\/person\/8903a677f0fa358bc7c1bce3ea676ac8\",\"name\":\"admin\",\"image\":{\"@type\":\"ImageObject\",\"inLanguage\":\"pt-PT\",\"@id\":\"https:\/\/www.camadeira.com\/web\/#\/schema\/person\/image\/\",\"url\":\"https:\/\/secure.gravatar.com\/avatar\/ade04a5bc31d350da38e6a2ded5f4d0dda4e44d1e847bc64b0de9708a879bbe6?s=96&d=mm&r=g\",\"contentUrl\":\"https:\/\/secure.gravatar.com\/avatar\/ade04a5bc31d350da38e6a2ded5f4d0dda4e44d1e847bc64b0de9708a879bbe6?s=96&d=mm&r=g\",\"caption\":\"admin\"},\"url\":\"https:\/\/www.camadeira.com\/web\/author\/admin\/\"}]}<\/script>\n<!-- \/ Yoast SEO plugin. -->","yoast_head_json":{"title":"Funchal Skyrace 2018 - Clube Aventura da Madeira","robots":{"index":"index","follow":"follow","max-snippet":"max-snippet:-1","max-image-preview":"max-image-preview:large","max-video-preview":"max-video-preview:-1"},"canonical":"https:\/\/www.camadeira.com\/web\/funchal-skyrace-2018\/","og_locale":"pt_PT","og_type":"article","og_title":"Funchal Skyrace 2018 - Clube Aventura da Madeira","og_description":"Alguns dos melhores skyrunners nacionais j\u00e1 confirmaram a sua inscri\u00e7\u00e3o no campeonato nacional de Skyrace! Mais informa\u00e7\u00f5es","og_url":"https:\/\/www.camadeira.com\/web\/funchal-skyrace-2018\/","og_site_name":"Clube Aventura da Madeira","article_publisher":"https:\/\/www.facebook.com\/CAMadeira","article_published_time":"2018-06-12T00:36:56+00:00","article_modified_time":"2019-06-07T23:21:00+00:00","og_image":[{"width":450,"height":637,"url":"https:\/\/www.camadeira.com\/web\/wp-content\/uploads\/2018\/06\/FXSR18_A4_2rgb.jpg","type":"image\/jpeg"}],"author":"admin","twitter_card":"summary_large_image","twitter_misc":{"Escrito por":"admin"},"schema":{"@context":"https:\/\/schema.org","@graph":[{"@type":"Article","@id":"https:\/\/www.camadeira.com\/web\/funchal-skyrace-2018\/#article","isPartOf":{"@id":"https:\/\/www.camadeira.com\/web\/funchal-skyrace-2018\/"},"author":{"name":"admin","@id":"https:\/\/www.camadeira.com\/web\/#\/schema\/person\/8903a677f0fa358bc7c1bce3ea676ac8"},"headline":"Funchal Skyrace 2018","datePublished":"2018-06-12T00:36:56+00:00","dateModified":"2019-06-07T23:21:00+00:00","mainEntityOfPage":{"@id":"https:\/\/www.camadeira.com\/web\/funchal-skyrace-2018\/"},"wordCount":21,"publisher":{"@id":"https:\/\/www.camadeira.com\/web\/#organization"},"image":{"@id":"https:\/\/www.camadeira.com\/web\/funchal-skyrace-2018\/#primaryimage"},"thumbnailUrl":"https:\/\/www.camadeira.com\/web\/wp-content\/uploads\/2018\/06\/FXSR18_A4_2rgb.jpg","keywords":["Funchal","SkyRace"],"articleSection":["Skyrunning"],"inLanguage":"pt-PT"},{"@type":"WebPage","@id":"https:\/\/www.camadeira.com\/web\/funchal-skyrace-2018\/","url":"https:\/\/www.camadeira.com\/web\/funchal-skyrace-2018\/","name":"Funchal Skyrace 2018 - Clube Aventura da Madeira","isPartOf":{"@id":"https:\/\/www.camadeira.com\/web\/#website"},"primaryImageOfPage":{"@id":"https:\/\/www.camadeira.com\/web\/funchal-skyrace-2018\/#primaryimage"},"image":{"@id":"https:\/\/www.camadeira.com\/web\/funchal-skyrace-2018\/#primaryimage"},"thumbnailUrl":"https:\/\/www.camadeira.com\/web\/wp-content\/uploads\/2018\/06\/FXSR18_A4_2rgb.jpg","datePublished":"2018-06-12T00:36:56+00:00","dateModified":"2019-06-07T23:21:00+00:00","breadcrumb":{"@id":"https:\/\/www.camadeira.com\/web\/funchal-skyrace-2018\/#breadcrumb"},"inLanguage":"pt-PT","potentialAction":[{"@type":"ReadAction","target":["https:\/\/www.camadeira.com\/web\/funchal-skyrace-2018\/"]}]},{"@type":"ImageObject","inLanguage":"pt-PT","@id":"https:\/\/www.camadeira.com\/web\/funchal-skyrace-2018\/#primaryimage","url":"https:\/\/www.camadeira.com\/web\/wp-content\/uploads\/2018\/06\/FXSR18_A4_2rgb.jpg","contentUrl":"https:\/\/www.camadeira.com\/web\/wp-content\/uploads\/2018\/06\/FXSR18_A4_2rgb.jpg","width":450,"height":637},{"@type":"BreadcrumbList","@id":"https:\/\/www.camadeira.com\/web\/funchal-skyrace-2018\/#breadcrumb","itemListElement":[{"@type":"ListItem","position":1,"name":"In\u00edcio","item":"https:\/\/www.camadeira.com\/web\/"},{"@type":"ListItem","position":2,"name":"Funchal Skyrace 2018"}]},{"@type":"WebSite","@id":"https:\/\/www.camadeira.com\/web\/#website","url":"https:\/\/www.camadeira.com\/web\/","name":"Clube Aventura da Madeira","description":"Clube Aventura da Madeira","publisher":{"@id":"https:\/\/www.camadeira.com\/web\/#organization"},"potentialAction":[{"@type":"SearchAction","target":{"@type":"EntryPoint","urlTemplate":"https:\/\/www.camadeira.com\/web\/?s={search_term_string}"},"query-input":{"@type":"PropertyValueSpecification","valueRequired":true,"valueName":"search_term_string"}}],"inLanguage":"pt-PT"},{"@type":"Organization","@id":"https:\/\/www.camadeira.com\/web\/#organization","name":"Clube Aventura da Madeira","url":"https:\/\/www.camadeira.com\/web\/","logo":{"@type":"ImageObject","inLanguage":"pt-PT","@id":"https:\/\/www.camadeira.com\/web\/#\/schema\/logo\/image\/","url":"https:\/\/www.camadeira.com\/web\/wp-content\/uploads\/2017\/08\/logoCAMadeiraSite.png","contentUrl":"https:\/\/www.camadeira.com\/web\/wp-content\/uploads\/2017\/08\/logoCAMadeiraSite.png","width":340,"height":156,"caption":"Clube Aventura da Madeira"},"image":{"@id":"https:\/\/www.camadeira.com\/web\/#\/schema\/logo\/image\/"},"sameAs":["https:\/\/www.facebook.com\/CAMadeira"]},{"@type":"Person","@id":"https:\/\/www.camadeira.com\/web\/#\/schema\/person\/8903a677f0fa358bc7c1bce3ea676ac8","name":"admin","image":{"@type":"ImageObject","inLanguage":"pt-PT","@id":"https:\/\/www.camadeira.com\/web\/#\/schema\/person\/image\/","url":"https:\/\/secure.gravatar.com\/avatar\/ade04a5bc31d350da38e6a2ded5f4d0dda4e44d1e847bc64b0de9708a879bbe6?s=96&d=mm&r=g","contentUrl":"https:\/\/secure.gravatar.com\/avatar\/ade04a5bc31d350da38e6a2ded5f4d0dda4e44d1e847bc64b0de9708a879bbe6?s=96&d=mm&r=g","caption":"admin"},"url":"https:\/\/www.camadeira.com\/web\/author\/admin\/"}]}},"_links":{"self":[{"href":"https:\/\/www.camadeira.com\/web\/wp-json\/wp\/v2\/posts\/934","targetHints":{"allow":["GET"]}}],"collection":[{"href":"https:\/\/www.camadeira.com\/web\/wp-json\/wp\/v2\/posts"}],"about":[{"href":"https:\/\/www.camadeira.com\/web\/wp-json\/wp\/v2\/types\/post"}],"author":[{"embeddable":true,"href":"https:\/\/www.camadeira.com\/web\/wp-json\/wp\/v2\/users\/1"}],"replies":[{"embeddable":true,"href":"https:\/\/www.camadeira.com\/web\/wp-json\/wp\/v2\/comments?post=934"}],"version-history":[{"count":2,"href":"https:\/\/www.camadeira.com\/web\/wp-json\/wp\/v2\/posts\/934\/revisions"}],"predecessor-version":[{"id":1037,"href":"https:\/\/www.camadeira.com\/web\/wp-json\/wp\/v2\/posts\/934\/revisions\/1037"}],"wp:featuredmedia":[{"embeddable":true,"href":"https:\/\/www.camadeira.com\/web\/wp-json\/wp\/v2\/media\/935"}],"wp:attachment":[{"href":"https:\/\/www.camadeira.com\/web\/wp-json\/wp\/v2\/media?parent=934"}],"wp:term":[{"taxonomy":"category","embeddable":true,"href":"https:\/\/www.camadeira.com\/web\/wp-json\/wp\/v2\/categories?post=934"},{"taxonomy":"post_tag","embeddable":true,"href":"https:\/\/www.camadeira.com\/web\/wp-json\/wp\/v2\/tags?post=934"}],"curies":[{"name":"wp","href":"https:\/\/api.w.org\/{rel}","templated":true}]}}